{"id":9714,"date":"2020-05-26T17:07:38","date_gmt":"2020-05-26T17:07:38","guid":{"rendered":"http:\/\/hormigaradio.com\/?p=9714"},"modified":"2020-05-26T17:09:55","modified_gmt":"2020-05-26T17:09:55","slug":"gonzalo-refuerza-su-equipo-de-campana-con-abel-martinez-en-la-direccion-operativa","status":"publish","type":"post","link":"https:\/\/hormigaradio.com\/?p=9714","title":{"rendered":"GONZALO REFUERZA SU EQUIPO DE CAMPA\u00d1A CON ABEL MART\u00cdNEZ EN LA DIRECCI\u00d3N OPERATIVA"},"content":{"rendered":"<p><a href=\"https:\/\/acento.com.do\/author\/servicios\/\">Servicios de Acento.com.do<\/a><\/p>\n<p>SANTO DOMINGO. \u2013 La direcci\u00f3n de campa\u00f1a del candidato presidencial por el Partido de la Liberaci\u00f3n Dominicana (PLD), Gonzalo Castillo, anunci\u00f3 este martes la designaci\u00f3n del miembro del Comit\u00e9 Pol\u00edtico de esa organizaci\u00f3n, Abel Mart\u00ednez, como director operativo de su campa\u00f1a.<\/p>\n<p>Mart\u00ednez agradeci\u00f3 la designaci\u00f3n, que tiene una responsabilidad de alcance nacional, y dijo que laborar\u00e1 d\u00eda y noche para contribuir con la victoria contundente de Gonzalo Castillo, pues con la demostraci\u00f3n de trabajo y entrega que este ha dado por su pueblo, no le cabe ninguna duda de que alcanzar\u00e1 el triunfo en primera vuelta en las elecciones presidenciales del 5 de julio.<\/p>\n<p>\u201cAgradezco profundamente la confianza que ha depositado en m\u00ed la Direcci\u00f3n Nacional de Campa\u00f1a. Trabajar\u00e9 tenazmente porque estoy plenamente convencido que la propuesta de gobierno presentada por Gonzalo Castillo es la que realmente necesita el pa\u00eds para preservar la vida de todos los dominicanos y recuperar la econom\u00eda, trabajando con determinaci\u00f3n para salir de esta crisis del COVID-19 y llevar la Rep\u00fablica Dominicana nuevamente por senderos de crecimiento y prosperidad, como ven\u00edamos haci\u00e9ndolo hasta antes de que estallara esta pandemia\u201d, expres\u00f3 Mart\u00ednez.<\/p>\n<p>Asegur\u00f3 que Castillo es la \u00fanica garant\u00eda de que todo lo que se ha avanzado en los gobiernos del presidente Danilo Medina no se pierda y que, adem\u00e1s, cuando \u00e9l asuma la presidencia de la Rep\u00fablica, creer\u00e1 mayores oportunidades para todos los dominicanos y dominicanas.<\/p>\n<p>Abel Mart\u00ednez es un destacado dirigente del PLD, miembro de su Comit\u00e9 Pol\u00edtico. Fue diputado al Congreso Nacional por la provincia de Santiago en el per\u00edodo 2002-2006, reelecto en el 2006-2010 y en el 2010-2016, y se desempe\u00f1\u00f3 como Presidente de la C\u00e1mara de Diputados en el per\u00edodo 2010-2016.<\/p>\n<p>Actualmente, Abel Mart\u00ednez es alcalde del municipio de Santiago, cargo al que fue reelecto en las elecciones del 15 de marzo pasado, y anteriormente hab\u00eda ganado para el per\u00edodo 2016-2020, posici\u00f3n que alcanz\u00f3 en tan solo tres meses despu\u00e9s de haber anunciado sus aspiraciones.<\/p>\n<figure style=\"width: 848px\" class=\"wp-caption alignnone\"><img loading=\"lazy\" src=\"https:\/\/ssl.c.photoshelter.com\/img-get\/I00009de11aAzaWg\/s\/500\/I00009de11aAzaWg.jpg\" alt=\"\" width=\"848\" height=\"565\" \/><figcaption class=\"wp-caption-text\"><em><strong>Gonzalo Castillo y Abel Mart{inez.<\/strong><\/em><\/figcaption><\/figure>\n<p>Entre otras funciones p\u00fablicas que ha ocupado, se destaca que en 1997 fue designado como Procurador Fiscal Adjunto en la ciudad de Santo Domingo, desde donde fue promovido en el a\u00f1o 1999 al cargo de Procurador Fiscal del Distrito Judicial de Santiago.<\/p>\n<p>En cuanto a su formaci\u00f3n, Abel Mart\u00ednez es Licenciado en Derecho, egresado de la Pontificia Universidad Cat\u00f3lica Madre y Maestra, en el a\u00f1o 1996. Tiene un postgrado en Derecho Comercial. Tambi\u00e9n ha realizado estudios en otras \u00e1reas, especializ\u00e1ndose en Derecho Penal, Propiedad Intelectual, Lucha Contra el Narcotr\u00e1fico y Lavado de Activos.<\/p>\n<p>Impactos: 89<\/p>","protected":false},"excerpt":{"rendered":"<p>Servicios de Acento.com.do SANTO DOMINGO. \u2013 La direcci\u00f3n de campa\u00f1a del candidato presidencial por el Partido de la Liberaci\u00f3n Dominicana (PLD), Gonzalo Castillo, anunci\u00f3<\/p>\n","protected":false},"author":3,"featured_media":9715,"comment_status":"closed","ping_status":"closed","sticky":false,"template":"","format":"standard","meta":[],"categories":[6],"tags":[],"_links":{"self":[{"href":"https:\/\/hormigaradio.com\/index.php?rest_route=\/wp\/v2\/posts\/9714"}],"collection":[{"href":"https:\/\/hormigaradio.com\/index.php?rest_route=\/wp\/v2\/posts"}],"about":[{"href":"https:\/\/hormigaradio.com\/index.php?rest_route=\/wp\/v2\/types\/post"}],"author":[{"embeddable":true,"href":"https:\/\/hormigaradio.com\/index.php?rest_route=\/wp\/v2\/users\/3"}],"replies":[{"embeddable":true,"href":"https:\/\/hormigaradio.com\/index.php?rest_route=%2Fwp%2Fv2%2Fcomments&post=9714"}],"version-history":[{"count":3,"href":"https:\/\/hormigaradio.com\/index.php?rest_route=\/wp\/v2\/posts\/9714\/revisions"}],"predecessor-version":[{"id":9718,"href":"https:\/\/hormigaradio.com\/index.php?rest_route=\/wp\/v2\/posts\/9714\/revisions\/9718"}],"wp:featuredmedia":[{"embeddable":true,"href":"https:\/\/hormigaradio.com\/index.php?rest_route=\/wp\/v2\/media\/9715"}],"wp:attachment":[{"href":"https:\/\/hormigaradio.com\/index.php?rest_route=%2Fwp%2Fv2%2Fmedia&parent=9714"}],"wp:term":[{"taxonomy":"category","embeddable":true,"href":"https:\/\/hormigaradio.com\/index.php?rest_route=%2Fwp%2Fv2%2Fcategories&post=9714"},{"taxonomy":"post_tag","embeddable":true,"href":"https:\/\/hormigaradio.com\/index.php?rest_route=%2Fwp%2Fv2%2Ftags&post=9714"}],"curies":[{"name":"wp","href":"https:\/\/api.w.org\/{rel}","templated":true}]}}