{"id":9719,"date":"2020-05-26T18:00:43","date_gmt":"2020-05-26T18:00:43","guid":{"rendered":"http:\/\/hormigaradio.com\/?p=9719"},"modified":"2020-05-26T18:20:42","modified_gmt":"2020-05-26T18:20:42","slug":"el-renovado-amable-aristy-castro-brinca-la-tablita-y-pasa-a-apoyar-a-luis-abinader","status":"publish","type":"post","link":"https:\/\/hormigaradio.com\/?p=9719","title":{"rendered":"EL RENOVADO AMABLE ARISTY CASTRO BRINCA LA TABLITA Y PASA A APOYAR A LUIS ABINADER"},"content":{"rendered":"<p><a href=\"https:\/\/acento.com.do\/author\/servicios\/\">Servicios de Acento.com.do<\/a><\/p>\n<p>Santo Domingo, Rep\u00fablica Dominicana.- El senador de La Altagracia, Amable Aristy, anunci\u00f3 este martes su apoyo a Luis Abinader, candidato a la Presidencia por el Partido Revolucionario Moderno (PRM) en las elecciones del pr\u00f3ximo 5 de julio.<\/p>\n<p>Aristy anunci\u00f3 su apoyo \u00abirrestricto\u00bb a Abinader en una rueda de prensa celebrada dos semanas despu\u00e9s de comunicar su ruptura con el Partido de la Liberaci\u00f3n Dominicana (PLD).<\/p>\n<p>&nbsp;<\/p>\n<figure style=\"width: 500px\" class=\"wp-caption alignleft\"><img loading=\"lazy\" class=\"attachment-full wp-post-image\" src=\"https:\/\/acento.com.do\/wp-content\/uploads\/i0000j026zj3lbaejpg.jpg\" sizes=\"(max-width: 500px) 100vw, 500px\" srcset=\"https:\/\/acento.com.do\/wp-content\/uploads\/i0000j026zj3lbaejpg.jpg 500w, https:\/\/acento.com.do\/wp-content\/uploads\/i0000j026zj3lbaejpg-250x167.jpg 250w, https:\/\/acento.com.do\/wp-content\/uploads\/i0000j026zj3lbaejpg-120x80.jpg 120w, https:\/\/acento.com.do\/wp-content\/uploads\/i0000j026zj3lbaejpg-12x8.jpg 12w\" alt=\"\" width=\"500\" height=\"334\" \/><figcaption class=\"wp-caption-text\"><em><strong>Amable Aristy Castro, senador de la Altagracia.<\/strong><\/em><\/figcaption><\/figure>\n<p>El senador del Partido Liberal Reformista (PLR) no explic\u00f3 los motivos de la ruptura de su pacto con la formaci\u00f3n oficialista, asegurando que quiere \u00abmirar hacia adelante\u00bb y no al pasado.<\/p>\n<p>\u00abTengo muchos amigos en el PLD, entre ellos el se\u00f1or presidente de la Rep\u00fablica, lo considero mi amigo\u00bb, coment\u00f3 Aristy.<\/p>\n<p>En su intervenci\u00f3n, Aristy dijo que ser\u00e1 candidato a senador por la casilla 14, la asignada al PLR, en asociaci\u00f3n con el PRM.<\/p>\n<p>\u00abVamos a luchar para que ganemos en la primera vuelta\u00bb, agreg\u00f3 en alusi\u00f3n a Luis Abinader, candidato al que elogi\u00f3, en especial por su conocimiento en el sector tur\u00edstico, de gran importancia en la provincia La Altagracia.<\/p>\n<p>El pasado 25 de febrero, el PLD y Aristy suscribieron un acuerdo mediante el cual el senador apoyaba la candidatura presidencial del PLD, mientras la organizaci\u00f3n oficialista respaldaba sus aspiraciones de continuar como senador de La Altagracia.<\/p>\n<p>Poco antes de formalizarse la ruptura de ese pacto, Aristy hizo p\u00fablicas fotograf\u00edas en las que se ve junto al candidato presidencial del PRM, Luis Abinader, as\u00ed como con el expresidente Hip\u00f3lito Mej\u00eda, uno de los l\u00edderes de esa organizaci\u00f3n opositora.EFE<\/p>\n<p>Impactos: 133<\/p>","protected":false},"excerpt":{"rendered":"<p>Servicios de Acento.com.do Santo Domingo, Rep\u00fablica Dominicana.- El senador de La Altagracia, Amable Aristy, anunci\u00f3 este martes su apoyo a Luis Abinader, candidato a<\/p>\n","protected":false},"author":3,"featured_media":9720,"comment_status":"closed","ping_status":"closed","sticky":false,"template":"","format":"standard","meta":[],"categories":[6],"tags":[],"_links":{"self":[{"href":"https:\/\/hormigaradio.com\/index.php?rest_route=\/wp\/v2\/posts\/9719"}],"collection":[{"href":"https:\/\/hormigaradio.com\/index.php?rest_route=\/wp\/v2\/posts"}],"about":[{"href":"https:\/\/hormigaradio.com\/index.php?rest_route=\/wp\/v2\/types\/post"}],"author":[{"embeddable":true,"href":"https:\/\/hormigaradio.com\/index.php?rest_route=\/wp\/v2\/users\/3"}],"replies":[{"embeddable":true,"href":"https:\/\/hormigaradio.com\/index.php?rest_route=%2Fwp%2Fv2%2Fcomments&post=9719"}],"version-history":[{"count":1,"href":"https:\/\/hormigaradio.com\/index.php?rest_route=\/wp\/v2\/posts\/9719\/revisions"}],"predecessor-version":[{"id":9721,"href":"https:\/\/hormigaradio.com\/index.php?rest_route=\/wp\/v2\/posts\/9719\/revisions\/9721"}],"wp:featuredmedia":[{"embeddable":true,"href":"https:\/\/hormigaradio.com\/index.php?rest_route=\/wp\/v2\/media\/9720"}],"wp:attachment":[{"href":"https:\/\/hormigaradio.com\/index.php?rest_route=%2Fwp%2Fv2%2Fmedia&parent=9719"}],"wp:term":[{"taxonomy":"category","embeddable":true,"href":"https:\/\/hormigaradio.com\/index.php?rest_route=%2Fwp%2Fv2%2Fcategories&post=9719"},{"taxonomy":"post_tag","embeddable":true,"href":"https:\/\/hormigaradio.com\/index.php?rest_route=%2Fwp%2Fv2%2Ftags&post=9719"}],"curies":[{"name":"wp","href":"https:\/\/api.w.org\/{rel}","templated":true}]}}