{"id":9724,"date":"2020-05-26T21:00:59","date_gmt":"2020-05-26T21:00:59","guid":{"rendered":"http:\/\/hormigaradio.com\/?p=9724"},"modified":"2020-05-26T21:00:59","modified_gmt":"2020-05-26T21:00:59","slug":"senador-valentin-dice-concentra-esfuerzos-en-cuidar-la-salud-de-santiaguenses","status":"publish","type":"post","link":"https:\/\/hormigaradio.com\/?p=9724","title":{"rendered":"SENADOR VALENT\u00cdN DICE CONCENTRA ESFUERZOS EN CUIDAR LA SALUD DE SANTIAGUENSES"},"content":{"rendered":"<p><a href=\"https:\/\/acento.com.do\/author\/servicios\/\">Servicios de Acento.com.do<\/a><\/p>\n<p><img loading=\"lazy\" class=\"alignleft wp-image-7093 size-medium\" src=\"http:\/\/hormigaradio.com\/wp-content\/uploads\/2019\/09\/valentin-300x191.jpg\" alt=\"\" width=\"300\" height=\"191\" \/><\/p>\n<p>SANTIAGO. \u2013 El senador Julio C\u00e9sar Valent\u00edn desarroll\u00f3 durante el fin de semana, una apretada agenda de actividades en solidaridad con diversos sectores y organizaciones en los distintos municipios de la provincia Santiago, que se han visto altamente afectados por los efectos del confinamiento necesario por la pandemia del COVID-19.<\/p>\n<p>Desde el pasado viernes, como parte de una serie de reuniones que ha venido realizando con diversos sectores econ\u00f3micos y productivos de Santiago, el senador Valent\u00edn realiz\u00f3 un encuentro virtual con productores av\u00edcolas y porcinos de la provincia Santiago junto al ministro de Econom\u00eda, Planificaci\u00f3n y Desarrollo (MEPyD), Juan Ariel Jim\u00e9nez, donde se hizo un levantamiento de la situaci\u00f3n actual de esos sectores y se plantearon acciones inmediatas para mitigar el impacto negativo de la pandemia en estos pulmones fundamentales de la econom\u00eda de la regi\u00f3n y del pa\u00eds.<\/p>\n<p>Adem\u00e1s, el senador Valent\u00edn se reuni\u00f3 con sectores deportivos como las Asociaciones de Baloncesto Femenino y de \u00c1rbitros de Santiago, respectivamente, y con los entrenadores de b\u00e9isbol del distrito municipal Santiago Oeste.<\/p>\n<p>El tambi\u00e9n candidato a la senadur\u00eda de esta provincia se reuni\u00f3, guardando las medidas de distanciamiento y protecci\u00f3n recomendadas, con la Asociaci\u00f3n de M\u00fasicos y mujeres estilistas empleadas de salones de belleza de Santiago, a quienes entreg\u00f3 mascarillas para la prevenci\u00f3n del coronavirus, as\u00ed como raciones alimenticias.<\/p>\n<p>\u201cEs tiempo de unidad y solidaridad. Siempre hemos estado junto a nuestra gente y ahora m\u00e1s que nunca nos necesitan. A trav\u00e9s de distintas asociaciones deportivas, que impactan a hombres y mujeres que trabajan para el deporte, hacemos entrega de raciones alimenticias, las que servir\u00e1n de apoyo en esta situaci\u00f3n mundial a la que nos enfrentamos y que solo unidos podremos superar\u201d, expres\u00f3 el Senador.<\/p>\n<p>Julio C\u00e9sar Valent\u00edn asegur\u00f3 que, desde el primer d\u00eda de esta pandemia, su principal objetivo ha sido cuidar la salud de los habitantes de la provincia. \u201cUnidos saldremos adelante. Esto no ha terminado, ese enemigo silente sigue presente y seguiremos enfrent\u00e1ndolo juntos, cuidando a Santiago y nuestra gente\u201d, agreg\u00f3.<\/p>\n<p>\u201cLes hemos tra\u00eddo algunos detalles que les servir\u00e1n para algo, sabemos que ha sido muy dif\u00edcil para todos, pero que saldremos de esta pandemia juntos. Debemos seguir extremando las medidas de higiene -sobre todo de las manos-, utilizando las mascarillas y acogi\u00e9ndonos al distanciamiento f\u00edsico que es muy importante, respetando las medidas de las autoridades de salud\u201d, dijo Valent\u00edn al hablar con los diversos sectores.<\/p>\n<p>Durante la pandemia, el senador Valent\u00edn se ha mantenido muy cercano como es usual en \u00e9l, apoyando y acompa\u00f1ando a sectores afectados de la provincia, tales como entidades de los sectores agrario y comercial, asociaciones sin fines lucro, hogares de ancianos, deportistas, peluqueros y estilistas de belleza.<\/p>\n<p>Impactos: 105<\/p>","protected":false},"excerpt":{"rendered":"<p>Servicios de Acento.com.do SANTIAGO. \u2013 El senador Julio C\u00e9sar Valent\u00edn desarroll\u00f3 durante el fin de semana, una apretada agenda de actividades en solidaridad con<\/p>\n","protected":false},"author":3,"featured_media":8595,"comment_status":"closed","ping_status":"closed","sticky":false,"template":"","format":"standard","meta":[],"categories":[6],"tags":[],"_links":{"self":[{"href":"https:\/\/hormigaradio.com\/index.php?rest_route=\/wp\/v2\/posts\/9724"}],"collection":[{"href":"https:\/\/hormigaradio.com\/index.php?rest_route=\/wp\/v2\/posts"}],"about":[{"href":"https:\/\/hormigaradio.com\/index.php?rest_route=\/wp\/v2\/types\/post"}],"author":[{"embeddable":true,"href":"https:\/\/hormigaradio.com\/index.php?rest_route=\/wp\/v2\/users\/3"}],"replies":[{"embeddable":true,"href":"https:\/\/hormigaradio.com\/index.php?rest_route=%2Fwp%2Fv2%2Fcomments&post=9724"}],"version-history":[{"count":1,"href":"https:\/\/hormigaradio.com\/index.php?rest_route=\/wp\/v2\/posts\/9724\/revisions"}],"predecessor-version":[{"id":9725,"href":"https:\/\/hormigaradio.com\/index.php?rest_route=\/wp\/v2\/posts\/9724\/revisions\/9725"}],"wp:featuredmedia":[{"embeddable":true,"href":"https:\/\/hormigaradio.com\/index.php?rest_route=\/wp\/v2\/media\/8595"}],"wp:attachment":[{"href":"https:\/\/hormigaradio.com\/index.php?rest_route=%2Fwp%2Fv2%2Fmedia&parent=9724"}],"wp:term":[{"taxonomy":"category","embeddable":true,"href":"https:\/\/hormigaradio.com\/index.php?rest_route=%2Fwp%2Fv2%2Fcategories&post=9724"},{"taxonomy":"post_tag","embeddable":true,"href":"https:\/\/hormigaradio.com\/index.php?rest_route=%2Fwp%2Fv2%2Ftags&post=9724"}],"curies":[{"name":"wp","href":"https:\/\/api.w.org\/{rel}","templated":true}]}}