{"id":9742,"date":"2020-05-29T17:43:37","date_gmt":"2020-05-29T17:43:37","guid":{"rendered":"http:\/\/hormigaradio.com\/?p=9742"},"modified":"2020-05-29T17:43:37","modified_gmt":"2020-05-29T17:43:37","slug":"eduardo-estrella-dice-gobierno-primero-debe-rendir-cuentas-antes-solicitar-otra-excepcion-video","status":"publish","type":"post","link":"https:\/\/hormigaradio.com\/?p=9742","title":{"rendered":"EDUARDO ESTRELLA DICE GOBIERNO PRIMERO DEBE RENDIR CUENTAS ANTES SOLICITAR OTRA EXCEPCI\u00d3N (v\u00eddeo)"},"content":{"rendered":"<p><a href=\"https:\/\/acento.com.do\/author\/mlaureano\/\">M\u00e1ximo Laureano<\/a><\/p>\n<p>SANTIAGO DE LOS CABALLEROS, Rep\u00fablica Dominicana.- Eduardo Estrella, candidato a senador por el partido Dominicanos por el Cambio (DxC), Partido Revolucionario Moderno (PRM) y otras\u00a0fuerzas alidadas,\u00a0afirm\u00f3 que para aprobar la extensi\u00f3n del estado de excepci\u00f3n requerida por el Gobierno,\u00a0este debe rendir cuentas de todo cuanto ha usado en los tres per\u00edodos anteriores.<\/p>\n<p>\u201cLo que debe hacer,\u00a0primero, es rendir cuentas de todo lo que ha hecho, en qu\u00e9 ha gastado el dinero,\u00a0para que el pueblo dominicano conozca eso\u2026 Que le rinda un informe transparente al Congreso Nacional de todo cuando\u00a0ha hecho, porque el pueblo merece que se les rinda cuenta\u201d, plante\u00f3 Estrella, al ser cuestionado en relaci\u00f3n a la petici\u00f3n del presidente de la Rep\u00fablica, Danilo Medina, de que se extienda por \u2013 cuarta ocasi\u00f3n \u2013 el per\u00edodo de emergencia, para hacer frente al coronavirus.<\/p>\n<p>Estrella compite por la senadur\u00eda de Santiago contra el reeleccionista del Partido de la Liberaci\u00f3n Dominicana (PLD), Julio C\u00e9sar Valent\u00edn, quien suma ya 10 a\u00f1os en el\u00a0cargo.<\/p>\n<p><iframe loading=\"lazy\" src=\"https:\/\/www.youtube.com\/embed\/M7c7zGGTS2w\" width=\"100%\" height=\"500\" frameborder=\"0\" allowfullscreen=\"allowfullscreen\" data-mce-fragment=\"1\"><\/iframe><\/p>\n<p>Impactos: 78<\/p>","protected":false},"excerpt":{"rendered":"<p>M\u00e1ximo Laureano SANTIAGO DE LOS CABALLEROS, Rep\u00fablica Dominicana.- Eduardo Estrella, candidato a senador por el partido Dominicanos por el Cambio (DxC), Partido Revolucionario Moderno<\/p>\n","protected":false},"author":3,"featured_media":9743,"comment_status":"closed","ping_status":"closed","sticky":false,"template":"","format":"standard","meta":[],"categories":[6],"tags":[],"_links":{"self":[{"href":"https:\/\/hormigaradio.com\/index.php?rest_route=\/wp\/v2\/posts\/9742"}],"collection":[{"href":"https:\/\/hormigaradio.com\/index.php?rest_route=\/wp\/v2\/posts"}],"about":[{"href":"https:\/\/hormigaradio.com\/index.php?rest_route=\/wp\/v2\/types\/post"}],"author":[{"embeddable":true,"href":"https:\/\/hormigaradio.com\/index.php?rest_route=\/wp\/v2\/users\/3"}],"replies":[{"embeddable":true,"href":"https:\/\/hormigaradio.com\/index.php?rest_route=%2Fwp%2Fv2%2Fcomments&post=9742"}],"version-history":[{"count":1,"href":"https:\/\/hormigaradio.com\/index.php?rest_route=\/wp\/v2\/posts\/9742\/revisions"}],"predecessor-version":[{"id":9744,"href":"https:\/\/hormigaradio.com\/index.php?rest_route=\/wp\/v2\/posts\/9742\/revisions\/9744"}],"wp:featuredmedia":[{"embeddable":true,"href":"https:\/\/hormigaradio.com\/index.php?rest_route=\/wp\/v2\/media\/9743"}],"wp:attachment":[{"href":"https:\/\/hormigaradio.com\/index.php?rest_route=%2Fwp%2Fv2%2Fmedia&parent=9742"}],"wp:term":[{"taxonomy":"category","embeddable":true,"href":"https:\/\/hormigaradio.com\/index.php?rest_route=%2Fwp%2Fv2%2Fcategories&post=9742"},{"taxonomy":"post_tag","embeddable":true,"href":"https:\/\/hormigaradio.com\/index.php?rest_route=%2Fwp%2Fv2%2Ftags&post=9742"}],"curies":[{"name":"wp","href":"https:\/\/api.w.org\/{rel}","templated":true}]}}