{"id":9751,"date":"2020-05-29T23:15:52","date_gmt":"2020-05-29T23:15:52","guid":{"rendered":"http:\/\/hormigaradio.com\/?p=9751"},"modified":"2020-05-29T23:17:05","modified_gmt":"2020-05-29T23:17:05","slug":"luis-abinader-empleos-seran-prioridad-1-a-en-recuperacion-del-pais","status":"publish","type":"post","link":"https:\/\/hormigaradio.com\/?p=9751","title":{"rendered":"LUIS ABINADER: EMPLEOS SER\u00c1N PRIORIDAD 1-A EN RECUPERACI\u00d3N DEL PA\u00cdS"},"content":{"rendered":"<p><span class=\"author\"><a href=\"https:\/\/acento.com.do\/author\/servicios\/\">Servicios de Acento.com.do<\/a>\u00a0<\/span><span class=\"date\">\u00a0<\/span><\/p>\n<p><img loading=\"lazy\" class=\"attachment-full size-full wp-post-image\" src=\"https:\/\/acento.com.do\/wp-content\/uploads\/WhatsApp-Image-2020-05-29-at-5.51.57-PM.jpeg\" sizes=\"(max-width: 1024px) 100vw, 1024px\" srcset=\"https:\/\/acento.com.do\/wp-content\/uploads\/WhatsApp-Image-2020-05-29-at-5.51.57-PM.jpeg 1024w, https:\/\/acento.com.do\/wp-content\/uploads\/WhatsApp-Image-2020-05-29-at-5.51.57-PM-250x166.jpeg 250w, https:\/\/acento.com.do\/wp-content\/uploads\/WhatsApp-Image-2020-05-29-at-5.51.57-PM-700x466.jpeg 700w, https:\/\/acento.com.do\/wp-content\/uploads\/WhatsApp-Image-2020-05-29-at-5.51.57-PM-768x512.jpeg 768w, https:\/\/acento.com.do\/wp-content\/uploads\/WhatsApp-Image-2020-05-29-at-5.51.57-PM-120x79.jpeg 120w, https:\/\/acento.com.do\/wp-content\/uploads\/WhatsApp-Image-2020-05-29-at-5.51.57-PM-12x8.jpeg 12w\" alt=\"\" width=\"1024\" height=\"682\" \/><\/p>\n<p>&nbsp;<\/p>\n<p>SANTIAGO. El candidato presidencial Luis Abinader declar\u00f3 hoy que recuperar y ampliar las oportunidades de empleo ser\u00e1 \u00a0prioridad 1-A en el gobierno que presidir\u00e1 a partir del 16 de agosto, luego de ganar las elecciones del 5 de julio.<\/p>\n<p>\u201cNuestra llegada al gobierno representar\u00e1 un relanzamiento general de la econom\u00eda, teniendo en orden prioritario restaurar los empleos perdidos por la par\u00e1lisis en la producci\u00f3n y el comercio, debido al Coronavirus\u201d, dijo al compartir con periodistas locales a su salida del hotel Matum.<\/p>\n<p>Expres\u00f3 que en la recuperaci\u00f3n y creaci\u00f3n masiva de empleos tiene en carpeta articular una fuerte alianza gobierno-sector productivo, darle un fuerte apoyo a las micro, peque\u00f1as y medianas empresa y a los sectores informales como los chiriperos, choferes, motoconchistas, entre otros.<\/p>\n<p>Agreg\u00f3 que para fortalecer la pol\u00edtica de empleos tambi\u00e9n dar\u00e1 un consistente apoyo a la reapertura del turismo y las zonas francas, y desarrollar\u00e1 una poderosa estrategia de apoyo financiero, asesoramiento t\u00e9cnico y comercializaci\u00f3n al sector agropecuario, sobre lo cual dijo que tiene adelantados ya \u00a0lineamientos muy claros sobre lo que har\u00e1.<\/p>\n<p>\u201cLa primera l\u00ednea de sobrevivencia, bienestar y desarrollo para una persona y su familia es el empleo, y con esa convicci\u00f3n desarrollaremos la pol\u00edtica laboral en el Gobierno del Cambio del PRM y aliados\u201d, dijo al iniciar en esta ciudad una jornada de trabajo de 2 d\u00edas, que incluye la Ruta Solidaria que viene realizando por todo el pa\u00eds, en apoyo a las comunidades afectadas por el Coronavirus y sus repercusiones econ\u00f3mica y sociales.<\/p>\n<p>Abinader inform\u00f3 que sostendr\u00eda \u00a0un encuentro con sectores empresariales, para pasar revista al Plan Estrat\u00e9gico y a las primeras obras de infraestructura que emprender\u00e1 el gobierno del PRM y aliados, tan pronto asuman el poder. Deplor\u00f3 que el gobierno del PLD no le haya dado a la provincia de Santiago un respaldo consecuente con lo que aporta al fisco y que no le diera el aliento que se merece como palpitante coraz\u00f3n de las 14 provincias del Cibao.<\/p>\n<p>Dio cuenta de que participar\u00eda en algunas actividades junto su compa\u00f1era de boleta, Raquel \u00a0Pe\u00f1a, incluyendo un encuentro con empresarios, y que mientras ella seguir\u00eda en la ruta Solidaria en la ciudad de Santiago, \u00e9l l recorrer\u00eda iglesias, centros hospitalarios y asistenciales en Baitoa, donde fue recibido por el cura p\u00e1rroco, y fue acompa\u00f1ado por Eduardo Estrella, candidato a senador del PRM y aliados. Luego sigui\u00f3 por Sabana Iglesia, J\u00e1nico y San Jos\u00e9 de las Matas.<\/p>\n<p>Este s\u00e1bado estar\u00e1 en zonas de Santiago y en la tarde se trasladar\u00e1 a la ciudad de Moca, donde tendr\u00e1 un encuentro con productores agropecuarios y realizar\u00e1 otras visitas a iglesias, en las que como hace en todo el pa\u00eds lleva medicamentos, material de protecci\u00f3n, desinfectante e higi\u00e9nico y raciones alimenticias en procura de prevenci\u00f3n del contagio del Coronavirus y asistencia a personas necesitadas en general.<\/p>\n<p><strong>\u201cNos vamos en primera vuelta\u201d<\/strong><\/p>\n<p>Abinader fue preguntado sobre encuestas que han vaticinado que las elecciones del 5 julio podr\u00edan ir a un segunda ronda, a lo que respondi\u00f3: \u201cBusquen el promedio de todas las encuestas, y ver\u00e1n \u00a0la determinaci\u00f3n de cambio que prevalece en la mayor\u00eda del electorado, y ratificada la realidad de que el cambio va el mismo 5 de julio\u201d, declar\u00f3.<\/p>\n<p>\u201cHay un cansancio, una insatisfacci\u00f3n y un hartazgo del pueblo con los fracasos y las decepciones recibidos\u00a0 por la mayor\u00eda del pueblo con el PLD y lo que se siente en todo el pa\u00eds es una impaciencia por salir ya de ese partido y sus esc\u00e1ndalos, las denuncias de corrupci\u00f3n e impunidad y su irrespeto a las leyes\u201d, puntualiz\u00f3.<\/p>\n<p>Impactos: 94<\/p>","protected":false},"excerpt":{"rendered":"<p>Servicios de Acento.com.do\u00a0\u00a0 &nbsp; SANTIAGO. El candidato presidencial Luis Abinader declar\u00f3 hoy que recuperar y ampliar las oportunidades de empleo ser\u00e1 \u00a0prioridad 1-A en<\/p>\n","protected":false},"author":3,"featured_media":8844,"comment_status":"closed","ping_status":"closed","sticky":false,"template":"","format":"standard","meta":[],"categories":[6],"tags":[],"_links":{"self":[{"href":"https:\/\/hormigaradio.com\/index.php?rest_route=\/wp\/v2\/posts\/9751"}],"collection":[{"href":"https:\/\/hormigaradio.com\/index.php?rest_route=\/wp\/v2\/posts"}],"about":[{"href":"https:\/\/hormigaradio.com\/index.php?rest_route=\/wp\/v2\/types\/post"}],"author":[{"embeddable":true,"href":"https:\/\/hormigaradio.com\/index.php?rest_route=\/wp\/v2\/users\/3"}],"replies":[{"embeddable":true,"href":"https:\/\/hormigaradio.com\/index.php?rest_route=%2Fwp%2Fv2%2Fcomments&post=9751"}],"version-history":[{"count":3,"href":"https:\/\/hormigaradio.com\/index.php?rest_route=\/wp\/v2\/posts\/9751\/revisions"}],"predecessor-version":[{"id":9754,"href":"https:\/\/hormigaradio.com\/index.php?rest_route=\/wp\/v2\/posts\/9751\/revisions\/9754"}],"wp:featuredmedia":[{"embeddable":true,"href":"https:\/\/hormigaradio.com\/index.php?rest_route=\/wp\/v2\/media\/8844"}],"wp:attachment":[{"href":"https:\/\/hormigaradio.com\/index.php?rest_route=%2Fwp%2Fv2%2Fmedia&parent=9751"}],"wp:term":[{"taxonomy":"category","embeddable":true,"href":"https:\/\/hormigaradio.com\/index.php?rest_route=%2Fwp%2Fv2%2Fcategories&post=9751"},{"taxonomy":"post_tag","embeddable":true,"href":"https:\/\/hormigaradio.com\/index.php?rest_route=%2Fwp%2Fv2%2Ftags&post=9751"}],"curies":[{"name":"wp","href":"https:\/\/api.w.org\/{rel}","templated":true}]}}