{"id":9755,"date":"2020-05-30T00:00:06","date_gmt":"2020-05-30T00:00:06","guid":{"rendered":"http:\/\/hormigaradio.com\/?p=9755"},"modified":"2020-05-30T00:45:24","modified_gmt":"2020-05-30T00:45:24","slug":"dirigentes-dicen-saltan-del-pld-a-fp-por-lealtad-a-leonel","status":"publish","type":"post","link":"https:\/\/hormigaradio.com\/?p=9755","title":{"rendered":"DIRIGENTES DICEN SALTAN DEL PLD A FP, POR LEALTAD A LEONEL"},"content":{"rendered":"<p><a href=\"https:\/\/acento.com.do\/author\/mlaureano\/\">M\u00e1ximo Laureano<\/a><\/p>\n<p>\u201cDem\u00e1s est\u00e1 decirle la amistad que hay entre Leonel, mi padre y yo y la lealtad a la familia. Soy\u00a0 regidor de la Fuerza del Pueblo\u201d, afirma Jarizqui Izquierdo,\u00a0 quien\u00a0 gan\u00f3 el cargo de regidor, en las elecciones del 15 de marzo, por el Partido de la Liberaci\u00f3n Dominicana (PLD), organizaci\u00f3n pol\u00edtica, en la cual naci\u00f3.<\/p>\n<p>El joven Izquierdo se\u00a0 hab\u00eda quedado en el PLD,\u00a0 tras la\u00a0 salidad de Lonel Fern\u00e1ndez, con el discurso de que no se ir\u00eda de la organizaci\u00f3n, que hered\u00f3 de su padre, Jos\u00e9 Izquierdo, pero, una vez logr\u00f3 la regidur\u00eda,\u00a0 decidi\u00f3\u00a0 seguir a la\u00a0 Fuerza del Pueblo.<\/p>\n<figure id=\"attachment_9758\" aria-describedby=\"caption-attachment-9758\" style=\"width: 715px\" class=\"wp-caption aligncenter\"><img loading=\"lazy\" class=\"wp-image-9758 size-large\" src=\"http:\/\/hormigaradio.com\/wp-content\/uploads\/2020\/05\/WhatsApp-Image-2020-05-29-at-8.06.27-PM-1024x975.jpeg\" alt=\"\" width=\"715\" height=\"681\" srcset=\"https:\/\/hormigaradio.com\/wp-content\/uploads\/2020\/05\/WhatsApp-Image-2020-05-29-at-8.06.27-PM-1024x975.jpeg 1024w, https:\/\/hormigaradio.com\/wp-content\/uploads\/2020\/05\/WhatsApp-Image-2020-05-29-at-8.06.27-PM-300x286.jpeg 300w, https:\/\/hormigaradio.com\/wp-content\/uploads\/2020\/05\/WhatsApp-Image-2020-05-29-at-8.06.27-PM-768x731.jpeg 768w, https:\/\/hormigaradio.com\/wp-content\/uploads\/2020\/05\/WhatsApp-Image-2020-05-29-at-8.06.27-PM.jpeg 1280w\" sizes=\"(max-width: 715px) 100vw, 715px\" \/><figcaption id=\"caption-attachment-9758\" class=\"wp-caption-text\"><em><strong> Jarizqui Izquierdo. Mar\u00eda Peralta (Charo) y Mariano Paulino.<\/strong><\/em><\/figcaption><\/figure>\n<p>Otros de los regidores que gan\u00f3 con el PLD, pero, que ahora pasa a la Fuerza del Pueblo, es Mariano Paulino, quien viene de ser asistente Ra\u00fal Mart\u00ednez, en la Goberanci\u00f3n de Santiago.<\/p>\n<p>Previo a ganar el cargo como regidor,\u00a0 ejerc\u00eda como fiscalizador en el distrito judicial de Santiago. Para irse del PLD a la Fuerza del Pueblo y apoyar\u00a0 el proyecto presidencial de Leonel Fern\u00e1ndez,\u00a0 Mariano Paulino, argumenta que no puede estar donde no lo quieren.<\/p>\n<p>Adem\u00e1s de Izquierdo\u00a0 y Paulino la dirigencia de la Fuerza del Pueblo en Santiago ha identificado otros nombres de dirigentes se han mudado a su partido, aunque ninguno de ellos han han generado reacciones importantes.<\/p>\n<p>Seg\u00fan ha confirmado\u00a0 Ra\u00fal Mart\u00ednez, otros que han\u00a0 cruzado desde el PLD al leonelistmo son Mar\u00eda Peralta (Charo), Radham\u00e9s Mora Bayoseda, Francis Morel, Anselmo Adames Collado, Omar Collado, Buenaventura P\u00e9rez Minaya, Juan de Dios Vargas, Fior Daliza Quezada, Claribel L\u00f3pez, Ivelisse y Torres, V\u00edctor S\u00e1nchez.<\/p>\n<p>&nbsp;<\/p>\n<blockquote class=\"wp-embedded-content\" data-secret=\"5Vp9QL221s\"><p><a href=\"https:\/\/acento.com.do\/2020\/politica\/8821409-dirigentes-dicen-saltan-del-pld-a-fp-por-lealtad-a-leonel\/\">Dirigentes dicen saltan del PLD a FP por lealtad a Leonel<\/a><\/p><\/blockquote>\n<p><iframe class=\"wp-embedded-content\" sandbox=\"allow-scripts\" security=\"restricted\" style=\"position: absolute; clip: rect(1px, 1px, 1px, 1px);\" src=\"https:\/\/acento.com.do\/2020\/politica\/8821409-dirigentes-dicen-saltan-del-pld-a-fp-por-lealtad-a-leonel\/embed\/#?secret=5Vp9QL221s\" data-secret=\"5Vp9QL221s\" width=\"600\" height=\"338\" title=\"\u00abDirigentes dicen saltan del PLD a FP por lealtad a Leonel\u00bb \u2014 Acento\" frameborder=\"0\" marginwidth=\"0\" marginheight=\"0\" scrolling=\"no\"><\/iframe><\/p>\n<p>Impactos: 137<\/p>","protected":false},"excerpt":{"rendered":"<p>M\u00e1ximo Laureano \u201cDem\u00e1s est\u00e1 decirle la amistad que hay entre Leonel, mi padre y yo y la lealtad a la familia. Soy\u00a0 regidor de<\/p>\n","protected":false},"author":3,"featured_media":9758,"comment_status":"closed","ping_status":"closed","sticky":false,"template":"","format":"standard","meta":[],"categories":[6],"tags":[],"_links":{"self":[{"href":"https:\/\/hormigaradio.com\/index.php?rest_route=\/wp\/v2\/posts\/9755"}],"collection":[{"href":"https:\/\/hormigaradio.com\/index.php?rest_route=\/wp\/v2\/posts"}],"about":[{"href":"https:\/\/hormigaradio.com\/index.php?rest_route=\/wp\/v2\/types\/post"}],"author":[{"embeddable":true,"href":"https:\/\/hormigaradio.com\/index.php?rest_route=\/wp\/v2\/users\/3"}],"replies":[{"embeddable":true,"href":"https:\/\/hormigaradio.com\/index.php?rest_route=%2Fwp%2Fv2%2Fcomments&post=9755"}],"version-history":[{"count":4,"href":"https:\/\/hormigaradio.com\/index.php?rest_route=\/wp\/v2\/posts\/9755\/revisions"}],"predecessor-version":[{"id":9760,"href":"https:\/\/hormigaradio.com\/index.php?rest_route=\/wp\/v2\/posts\/9755\/revisions\/9760"}],"wp:featuredmedia":[{"embeddable":true,"href":"https:\/\/hormigaradio.com\/index.php?rest_route=\/wp\/v2\/media\/9758"}],"wp:attachment":[{"href":"https:\/\/hormigaradio.com\/index.php?rest_route=%2Fwp%2Fv2%2Fmedia&parent=9755"}],"wp:term":[{"taxonomy":"category","embeddable":true,"href":"https:\/\/hormigaradio.com\/index.php?rest_route=%2Fwp%2Fv2%2Fcategories&post=9755"},{"taxonomy":"post_tag","embeddable":true,"href":"https:\/\/hormigaradio.com\/index.php?rest_route=%2Fwp%2Fv2%2Ftags&post=9755"}],"curies":[{"name":"wp","href":"https:\/\/api.w.org\/{rel}","templated":true}]}}