{"id":9770,"date":"2020-05-31T01:27:19","date_gmt":"2020-05-31T01:27:19","guid":{"rendered":"http:\/\/hormigaradio.com\/?p=9770"},"modified":"2020-05-31T01:27:19","modified_gmt":"2020-05-31T01:27:19","slug":"el-incendio-de-duquesa-avances-de-un-informe-que-se-hace-esperar","status":"publish","type":"post","link":"https:\/\/hormigaradio.com\/?p=9770","title":{"rendered":"EL INCENDIO DE DUQUESA: AVANCES DE UN INFORME QUE SE HACE ESPERAR"},"content":{"rendered":"<table class=\"m_1056829362724032186templateContainer\" border=\"0\" width=\"100%\" cellspacing=\"0\" cellpadding=\"0\">\n<tbody>\n<tr>\n<td id=\"m_1056829362724032186templateBody\" valign=\"top\">\n<table border=\"0\" width=\"100%\" cellspacing=\"0\" cellpadding=\"0\">\n<tbody>\n<tr>\n<td valign=\"top\">\n<table class=\"m_1056829362724032186mcnBoxedTextContentContainer\" border=\"0\" width=\"100%\" cellspacing=\"0\" cellpadding=\"0\" align=\"left\">\n<tbody>\n<tr>\n<td>\n<table class=\"m_1056829362724032186mcnTextContentContainer\" border=\"0\" width=\"100%\" cellspacing=\"0\">\n<tbody>\n<tr>\n<td class=\"m_1056829362724032186mcnTextContent\" valign=\"top\">\n<p dir=\"ltr\"><strong>\u00a0 <a href=\"https:\/\/accionverde.us19.list-manage.com\/track\/click?u=4d7636359d665e2e168476b78&amp;id=9dc510eb09&amp;e=b8aecfcd92\" target=\"_blank\" rel=\"noopener\" data-saferedirecturl=\"https:\/\/www.google.com\/url?q=https:\/\/accionverde.us19.list-manage.com\/track\/click?u%3D4d7636359d665e2e168476b78%26id%3D9dc510eb09%26e%3Db8aecfcd92&amp;source=gmail&amp;ust=1590967395879000&amp;usg=AFQjCNEd2hd0dFh0qx7cxUkz-3ES2VjbGQ\">www.accionverde.com<\/a>\u00a0\u00a0Firma invitada\/Hormiga Radio Group.<\/strong><\/p>\n<p dir=\"ltr\">Eran las dos y siete minutos de la tarde del martes veintiocho de abril.<\/p>\n<p dir=\"ltr\">\u00a0&#8220;Los encargados del turno&#8221; montaban guardia en el vertedero de DUQUESA porque en esos d\u00edas las temperaturas del vertedero y su entorno se reportaban mucho m\u00e1s altas de lo normal.<\/p>\n<p dir=\"ltr\">Minutos m\u00e1s tarde llamaron por tel\u00e9fono al Administrador en funciones del vertedero que reci\u00e9n hab\u00eda salido: &#8220;Se\u00f1or devu\u00e9lvase, que esto cogi\u00f3 candela&#8221;.<\/p>\n<p dir=\"ltr\"><img loading=\"lazy\" class=\"aligncenter wp-image-9771 size-full\" src=\"http:\/\/hormigaradio.com\/wp-content\/uploads\/2020\/05\/unnamed.jpg\" alt=\"\" width=\"783\" height=\"562\" srcset=\"https:\/\/hormigaradio.com\/wp-content\/uploads\/2020\/05\/unnamed.jpg 783w, https:\/\/hormigaradio.com\/wp-content\/uploads\/2020\/05\/unnamed-300x215.jpg 300w, https:\/\/hormigaradio.com\/wp-content\/uploads\/2020\/05\/unnamed-768x551.jpg 768w\" sizes=\"(max-width: 783px) 100vw, 783px\" \/><\/p>\n<p dir=\"ltr\">Un peque\u00f1o grupo de hombres con una pala y un buldozer, eso hab\u00eda en el vertedero en ese momento. No hab\u00eda custodia militar.\u00a0 Intentaron por todos los medios de sofocar el fuego que se hab\u00eda iniciado en &#8220;uno de los tiros que no hab\u00edan podido ser cubiertos debidamente con arcilla por la falta de equipos&#8221;.<\/p>\n<p dir=\"ltr\">Pero las circunstancias le\u00a0 jugaron una mala pasada. La acumulaci\u00f3n de gases, especialmente metano, que de por s\u00ed ya acusaba temperaturas promedio de 60 grados cent\u00edgrados, provoc\u00f3 que uno tras otro, la mayor\u00eda de &#8220;los tiros de basura&#8221; (sepultados o no) se incendiaran en cadena, colocando a las puertas del infierno a una poblaci\u00f3n cautiva, enclaustrada en sus hogares a causa de la pandemia del COVID 19.<\/p>\n<p dir=\"ltr\">Esta es la versi\u00f3n que hasta ahora nuestro equipo ha podido validar con varias fuentes de entero cr\u00e9dito. Es poco probable que el esperado informe que fue encargado a una &#8220;comisi\u00f3n especial&#8221; pueda indicar otra cosa.<\/p>\n<p>Si, lo sabemos, muchos de nosotros hemos sospechado de que &#8220;por la magnitud y caracter\u00edsticas del fuego, es\u00a0 muy probable que hayan actuado manos criminales&#8221;. Sin embargo los testimonios recabados apuntan a que, a lo sumo, el siniestro habr\u00eda sido la consecuencia de una &#8220;serie de eventos desafortunados&#8221;.<\/p>\n<p dir=\"ltr\">&#8220;El vertedero se estaba manejando casi sin recursos, apenas con unos 7 millones mensuales que estaba pagando la Alcald\u00eda del Distrito, porque las dem\u00e1s alcald\u00edas del Gran Santo Domingo o pagan centavos o no pagan nada&#8230;de hecho casi todas est\u00e1n atrasadas en el pago&#8221; confi\u00f3 una fuente que prefiri\u00f3 el anonimato.<\/p>\n<p dir=\"ltr\">&#8220;Desde hace a\u00f1os la administraci\u00f3n del vertedero ven\u00eda clamando por auxilio, por equipos pesados y de monitoreo, por medidores de temperatura, por apoyo de cualquier \u00edndole y todo se qued\u00f3 en s\u00faplicas, es m\u00e1s la comisi\u00f3n que qued\u00f3 administrando el vertedero desde 2017 jam\u00e1s fue convocada nueva vez por el actual Ministro de Medio Ambiente&#8230;cuando nombraron la nueva comisi\u00f3n por decreto pens\u00e1bamos que las cosas iban a funcionar mejor, pero parece que no hubo tiempo a actuar, quiz\u00e1s por lo del COVID&#8221;, nos relat\u00f3 uno de los encargados.<\/p>\n<p><img loading=\"lazy\" class=\"CToWUd a6T\" tabindex=\"0\" src=\"https:\/\/ci6.googleusercontent.com\/proxy\/OQISH4l_SZuGJ7XxWRMkIU6WVxZ_e-bdFf8gKyJncq2pm9eZZ0WHQmBh9A2QOKUYF2c-_riAoEBUEyUwmRqlPJnMuurqeDWkcwFV8kwa1JvEX0J_MhmsXwlAQnQk1VmC0TcsPid33MOjcpj0ZCHRhbPaO0b9MQ=s0-d-e1-ft#https:\/\/mcusercontent.com\/4d7636359d665e2e168476b78\/images\/3a36ff9d-dc42-4e58-8d4d-15010dc32e14.jpg\" width=\"800\" height=\"395\" \/><\/p>\n<p dir=\"ltr\">Al momento de producirse el gran incendio, el vertedero no pose\u00eda (no es propietario) de ninguno de los equipos pesados necesarios para mover y sepultar la basura, todos los que usan son rentados a terceros. Estos alquileres tambi\u00e9n se vieron afectados por la incertidumbre provocada por la transici\u00f3n en los cargos electos de las Alcald\u00edas, los arrendatarios tem\u00edan que sus pagos se vieran afectados.<\/p>\n<p dir=\"ltr\">Por ese motivo durante varias semanas (meses quiz\u00e1s) simplemente se estaba &#8220;depositando basura&#8221; o apenas d\u00e1ndole el tratamiento m\u00ednimo necesario (regar, sepultar)..<\/p>\n<p dir=\"ltr\">De ah\u00ed que el estado de peligro inminente de Duquesa en la v\u00edspera del fuego era ya conocido por los operadores del vertedero, llegando a un punto catastr\u00f3fico la tarde de ese martes de abril, por causas que para ellos son presumiblemente fortuitas.<\/p>\n<p dir=\"ltr\">La investigaci\u00f3n en curso deber\u00e1 desmentir o corroborar estos datos. Vistos los antecedentes, nuestros colaboradores se inclinan por descartar intencionalidad en este lamentable incendio que a\u00fan mantiene en vilo la salud de miles de personas de la ciudad capital.<\/p>\n<p dir=\"ltr\">La situaci\u00f3n del &#8220;botadero a cielo abierto&#8221; m\u00e1s grande del pa\u00eds viene en franco deterioro por m\u00e1s de diez a\u00f1os, corrupci\u00f3n, negligencia, descuido y apat\u00eda se encuentran entre las causas m\u00e1s mencionadas para haber llegado a este punto.<\/p>\n<p dir=\"ltr\">Inclusive, en una de las \u00faltimas &#8220;grandes crisis sanitarias&#8221; por causa del vertedero, reportada en 2017,\u00a0 el llamado de auxilio de la Alcald\u00eda del Distrito Nacional fue acogido por los Ministerios de Medio Ambiente y\u00a0 de Salud P\u00fablica, que declararon a Duquesa en estado de emergencia y procedieron a intervenirlo.<\/p>\n<p dir=\"ltr\">En un informe al que tuvo acceso nuestro equipo, en un proyecto del Ministerio de Medio Ambiente denominado &#8220;Nueva Duquesa&#8221; se planific\u00f3 un cierre gradual del vertedero y la habilitaci\u00f3n por etapas\u00a0 de 122,000 metros cuadrados celdas para el tratamiento de los desechos en la modalidad de &#8220;relleno sanitario&#8221;, cuyo costo estimado se calcul\u00f3 en unos 300 millones de pesos y el tiempo promedio de desarrollo cerca de 8 meses.<\/p>\n<p><img loading=\"lazy\" class=\"CToWUd a6T\" tabindex=\"0\" src=\"https:\/\/ci6.googleusercontent.com\/proxy\/Ux37NdYGzsUPOr_ImE2d6ktfakGUulLjQ2HyG6o5FJ0-SF42gvL4G6AEYB0hsOJw2v4OuuQwDrevEYGOQ2Fx-nwazVAa_JOMm3niuQEiQrImF5Hhz3pdu5LUWCwJQFHk8z0RpAq1JaSYXGoA45gqMa_N6k0ZNw=s0-d-e1-ft#https:\/\/mcusercontent.com\/4d7636359d665e2e168476b78\/images\/73d52977-c308-4f21-b84c-36416629edcd.jpg\" width=\"783\" height=\"562\" \/><\/p>\n<p dir=\"ltr\">Sin embargo, por los costos involucrados, este proyecto qued\u00f3 en manos del Gobierno Central y posteriormente habr\u00eda recibido modificaciones, lleg\u00e1ndose al punto de anunciar -en enero de este a\u00f1o- la intervenci\u00f3n formal del vertedero, hecho que no se consum\u00f3 (seg\u00fan ha declarado el Ministro de Obras P\u00fablicas) debido a la situaci\u00f3n de emergencia y la cuarentena provocada\u00a0 por la Pandemia del COVID.<\/p>\n<p dir=\"ltr\">Misma suerte ha corrido una planta de tratamiento para los &#8220;Lixiviados&#8221; que emanan del vertedero y que ha sido anunciada reiteradamente por la CAASD y la cual est\u00e1 supuesta a iniciarse pr\u00f3ximamente.<\/p>\n<p dir=\"ltr\">En un recorrido hecho por la zona nuestro equipo pudo constatar que en pocas semanas se ha realizado en DUQUESA una intervenci\u00f3n a una escala may\u00fascula, que era necesaria desde hace a\u00f1os y que lamentablemente hubo que esperar el estado de urgencia para ser realizada.<\/p>\n<p dir=\"ltr\">Seg\u00fan nos confi\u00f3 uno de los t\u00e9cnicos involucrados en el proyecto, este descomunal operativo realizado en tiempo record permitir\u00e1 \u201cextender quiz\u00e1s por 7 u 8 a\u00f1os la vida \u00fatil del vertedero\u201d, pues se han habilitado \u201cnuevos tiros\u201d (trincheras para dep\u00f3sito) y al mismo tiempo se prepara para la habilitaci\u00f3n de celdas de un relleno sanitario.<\/p>\n<p dir=\"ltr\">Mientras todo esto ocurre y los capitale\u00f1os se les va olvidando que Duquesa es una espada que pende sobre sus cuellos, la Ley de Residuos sigue a la espera de que el Senado de la Rep\u00fablica la conozca, con lo que se establecer\u00eda al menos el marco jur\u00eddico para \u201cempezar a tratar con seriedad\u201d la situaci\u00f3n de DUQUESA y los m\u00e1s de 300 botaderos a cielo abierto que sin dudas son la peor carta de presentaci\u00f3n que tiene nuestro pa\u00eds.<\/p>\n<p>Fundaci\u00f3n Acci\u00f3n Verde, Inc.<br \/>\n26 de mayo de 2020<br \/>\n<a href=\"https:\/\/accionverde.us19.list-manage.com\/track\/click?u=4d7636359d665e2e168476b78&amp;id=9dc510eb09&amp;e=b8aecfcd92\" target=\"_blank\" rel=\"noopener\" data-saferedirecturl=\"https:\/\/www.google.com\/url?q=https:\/\/accionverde.us19.list-manage.com\/track\/click?u%3D4d7636359d665e2e168476b78%26id%3D9dc510eb09%26e%3Db8aecfcd92&amp;source=gmail&amp;ust=1590967395879000&amp;usg=AFQjCNEd2hd0dFh0qx7cxUkz-3ES2VjbGQ\">www.accionverde.com<\/a><\/td>\n<\/tr>\n<\/tbody>\n<\/table>\n<\/td>\n<\/tr>\n<\/tbody>\n<\/table>\n<\/td>\n<\/tr>\n<\/tbody>\n<\/table>\n<\/td>\n<\/tr>\n<\/tbody>\n<\/table>\n<p>Impactos: 159<\/p>","protected":false},"excerpt":{"rendered":"<p>\u00a0 www.accionverde.com\u00a0\u00a0Firma invitada\/Hormiga Radio Group. Eran las dos y siete minutos de la tarde del martes veintiocho de abril. \u00a0&#8220;Los encargados del turno&#8221; montaban<\/p>\n","protected":false},"author":3,"featured_media":9771,"comment_status":"closed","ping_status":"closed","sticky":false,"template":"","format":"standard","meta":[],"categories":[5],"tags":[],"_links":{"self":[{"href":"https:\/\/hormigaradio.com\/index.php?rest_route=\/wp\/v2\/posts\/9770"}],"collection":[{"href":"https:\/\/hormigaradio.com\/index.php?rest_route=\/wp\/v2\/posts"}],"about":[{"href":"https:\/\/hormigaradio.com\/index.php?rest_route=\/wp\/v2\/types\/post"}],"author":[{"embeddable":true,"href":"https:\/\/hormigaradio.com\/index.php?rest_route=\/wp\/v2\/users\/3"}],"replies":[{"embeddable":true,"href":"https:\/\/hormigaradio.com\/index.php?rest_route=%2Fwp%2Fv2%2Fcomments&post=9770"}],"version-history":[{"count":1,"href":"https:\/\/hormigaradio.com\/index.php?rest_route=\/wp\/v2\/posts\/9770\/revisions"}],"predecessor-version":[{"id":9772,"href":"https:\/\/hormigaradio.com\/index.php?rest_route=\/wp\/v2\/posts\/9770\/revisions\/9772"}],"wp:featuredmedia":[{"embeddable":true,"href":"https:\/\/hormigaradio.com\/index.php?rest_route=\/wp\/v2\/media\/9771"}],"wp:attachment":[{"href":"https:\/\/hormigaradio.com\/index.php?rest_route=%2Fwp%2Fv2%2Fmedia&parent=9770"}],"wp:term":[{"taxonomy":"category","embeddable":true,"href":"https:\/\/hormigaradio.com\/index.php?rest_route=%2Fwp%2Fv2%2Fcategories&post=9770"},{"taxonomy":"post_tag","embeddable":true,"href":"https:\/\/hormigaradio.com\/index.php?rest_route=%2Fwp%2Fv2%2Ftags&post=9770"}],"curies":[{"name":"wp","href":"https:\/\/api.w.org\/{rel}","templated":true}]}}