{"id":9791,"date":"2020-06-03T01:47:53","date_gmt":"2020-06-03T01:47:53","guid":{"rendered":"http:\/\/hormigaradio.com\/?p=9791"},"modified":"2020-06-03T01:47:53","modified_gmt":"2020-06-03T01:47:53","slug":"gobierno-afirma-tasa-de-contagio-del-coronavirus-se-ha-aplanado-manana-inicia-fase-2","status":"publish","type":"post","link":"https:\/\/hormigaradio.com\/?p=9791","title":{"rendered":"GOBIERNO AFIRMA TASA DE CONTAGIO DEL CORONAVIRUS SE HA APLANADO; MA\u00d1ANA INICIA FASE 2"},"content":{"rendered":"<p><a href=\"https:\/\/acento.com.do\/author\/servicios\/\">Servicios de Acento.com.do<\/a><\/p>\n<figure style=\"width: 680px\" class=\"wp-caption alignnone\"><img loading=\"lazy\" class=\"attachment-full wp-post-image\" src=\"https:\/\/acento.com.do\/wp-content\/uploads\/EZix8TsWkAE_m16.jpg\" sizes=\"(max-width: 680px) 100vw, 680px\" srcset=\"https:\/\/acento.com.do\/wp-content\/uploads\/EZix8TsWkAE_m16.jpg 680w, https:\/\/acento.com.do\/wp-content\/uploads\/EZix8TsWkAE_m16-250x166.jpg 250w, https:\/\/acento.com.do\/wp-content\/uploads\/EZix8TsWkAE_m16-120x79.jpg 120w, https:\/\/acento.com.do\/wp-content\/uploads\/EZix8TsWkAE_m16-12x8.jpg 12w\" alt=\"\" width=\"680\" height=\"453\" \/><figcaption class=\"wp-caption-text\"><em><strong>Gustavo Montalvo.<\/strong><\/em><\/figcaption><\/figure>\n<p>SANTO DOMINGO, Rep\u00fablica Dominicana.- El Gobierno ha decidido continuar con la estrategia de desescalada \u201cConvivir con el COVID-19 de forma segura\u201d, entrando ma\u00f1ana a la etapa 2, debido a que la tasa de contagio se ha aplanado y la letalidad est\u00e1n relativamente bajas.<\/p>\n<p>El anuncio fue hecho hoy por el ministro de la Presidencia, Gustavo Montalvo, en calidad de coordinador de la Comisi\u00f3n de Alto Nivel para la Prevenci\u00f3n y el Control del Coronavirus (COVID-19), quien destac\u00f3 que el sacrificio colectivo ha valido la pena durante los \u00faltimos meses.<\/p>\n<p><strong>Empresas autorizadas y cantidad de trabajadores<\/strong><\/p>\n<p>\u201cEn esta nueva fase, las microempresas de entre 1 y 10 empleados, podr\u00e1n trabajar con la totalidad de sus colaboradores. Por su lado, las empresas peque\u00f1as, que tienen entre 11 y 50 empleados, podr\u00e1n incorporar el 75% de sus trabajadores, mientras que las empresas medianas y grandes podr\u00e1n trabajar con el 50% del personal\u201d.<\/p>\n<p>Puntualiz\u00f3 que los referidos porcentajes aplican a los sectores que anteriormente no ten\u00edan permiso para laborar, puesto que desde los inicios se permiti\u00f3 operaci\u00f3n de agricultura, industria de manufactura, zonas francas, miner\u00eda, comercio esencial, salud, con una cantidad prudente de trabajadores.<\/p>\n<p>\u201cRecordamos que ahora podr\u00e1n seguir abiertos las tiendas de los centros comerciales, pero permanecer\u00e1n cerradas las \u00e1reas de alimentos, juegos y establecimientos de recreaci\u00f3n a fin de evitar el aglomeramiento de personas\u201d.<\/p>\n<p><strong>Autobuses y minibuses del transporte interurbano<\/strong><\/p>\n<p>En ese contexto, inform\u00f3 que los autobuses y minibuses del transporte interurbano podr\u00e1n iniciar desde ma\u00f1ana sus operaciones, usando un m\u00e1ximo de 60% de los asientos, siempre con distanciamiento entre los pasajeros y siguiendo los protocolos correspondientes.<\/p>\n<p><strong>Circulaci\u00f3n de trabajadores esenciales durante toque de queda<\/strong><\/p>\n<p>Sobre los permisos de circulaci\u00f3n de personas en horario de toque de queda, aclar\u00f3 que \u201cesta excepci\u00f3n solo aplica a empleados de empresas que por su objeto deben laborar las 24 horas, o que su trabajo durante la noche sea absolutamente necesario\u201d.<\/p>\n<p>El coordinador de la Comisi\u00f3n de Alto Nivel reiter\u00f3 que el transporte de carga, mercanc\u00edas y combustible puede transitar sin necesidad de portar un permiso.<\/p>\n<p>Inst\u00f3 a los trabajadores que necesiten solicitar un permiso a hacerlo a trav\u00e9s de su empresa en la p\u00e1gina\u00a0<a href=\"http:\/\/coronavirusrd.gob.do\/\" target=\"_blank\" rel=\"noopener noreferrer\">coronavirusrd.gob.do<\/a>.<\/p>\n<p><strong>Iglesias abrir\u00e1n con pocas personas y solo los domingos<\/strong><\/p>\n<p>Otra novedad de la segunda etapa anunciada por el ministro de la Presidencia fue la autorizaci\u00f3n a las iglesias para abrir sus puertas, \u00fanicamente los domingos, con un porcentaje reducido de personas.<\/p>\n<p>\u201cSiempre con un m\u00ednimo de 2 metros de distancia entre cada persona, y siguiendo los protocolos que se estar\u00e1n publicando.\u00a0\u00a0En el caso de las iglesias adventistas y otras que celebren sus cultos los s\u00e1bados, se permite que inicien, con un servicio religioso por semana\u201d.<\/p>\n<p><strong>Resultado de medidas adoptadas y paciencia de familias<\/strong><\/p>\n<p>El ministro Montalvo explic\u00f3 que la decisi\u00f3n es resultado de las medidas adoptadas durante el estado de emergencia y la paciencia y la disciplina de las familias dominicanas.<\/p>\n<p>Subray\u00f3 que, luego de 3 meses de haberse presentado el primer caso en el pa\u00eds, Rep\u00fablica Dominicana es el segundo pa\u00eds de Am\u00e9rica Latina que m\u00e1s ha bajado el ritmo de crecimiento del n\u00famero de contagiados.<\/p>\n<p>\u201cHemos reducido a m\u00e1s de la mitad el ritmo de contagio natural del virus\u201d, destac\u00f3 al explicar que se estima que cada persona contagiada infecta 2.5 personas m\u00e1s, mientras en nuestro pa\u00eds este n\u00famero b\u00e1sico de reproducci\u00f3n ronda el 1.2.<\/p>\n<p><strong>Sistema de salud<\/strong><\/p>\n<p>Estim\u00f3 que, al d\u00eda de hoy, solo se est\u00e1n usando un 20% del total de camas disponibles.<\/p>\n<p>\u201cEn la red p\u00fablica tenemos disponibles 2,595 camas habilitadas para pacientes de COVID-19 y en la privada m\u00e1s de 430. En los centros de aislamiento tambi\u00e9n tenemos capacidad para 4,011 personas m\u00e1s, en caso de ser necesario su uso\u201d.<\/p>\n<p>Del mismo modo, dijo que el pa\u00eds cuenta con m\u00e1s de 150 camas en unidades de cuidados intensivos (UCI) con ventiladores disponibles.<\/p>\n<p>\u201cDe todas formas, seguimos trabajando intensamente para aumentar la cantidad y en las pr\u00f3ximas semanas se instalar\u00e1n decenas de nuevos ventiladores\u201d.<\/p>\n<p>En lo que respecta al manejo de los casos positivos de COVID 19, se\u00f1al\u00f3 que la tasa de letalidad est\u00e1 ahora en 2.86%, una de las m\u00e1s bajas de la regi\u00f3n.<\/p>\n<p>\u201cObviamente, nuestro anhelo es que no fallezca nadie, pero sabemos que la tasa mundial de fatalidad ronda cerca de 6%. Incluso, pa\u00edses de altos ingresos muestran tasas de letalidad muy superiores a la dominicana\u201d.<\/p>\n<p><strong>No es momento de relajarse, sino de convivir responsablemente con el COVID-19<\/strong><\/p>\n<p>Exhort\u00f3 a la poblaci\u00f3n a mantener las medidas de distanciamiento social y f\u00edsico, \u201cporque el virus no ha desaparecido. No es el momento de relajarse, es el momento de convivir responsablemente con el COVID-19\u201d.<\/p>\n<p>\u201cLa experiencia internacional ya nos muestra las consecuencias que eso puede traer. Muchos pa\u00edses se han visto en la obligaci\u00f3n de dar marcha atr\u00e1s a las medidas de apertura por repuntes de contagio\u201d.<\/p>\n<p><strong>Fase 3 iniciar\u00eda pr\u00f3ximo 17 de junio y etapa 4, en julio<\/strong><\/p>\n<p>Adelant\u00f3 que la fase 3 iniciar\u00eda el pr\u00f3ximo 17 de junio. En esta etapa, las iglesias podr\u00e1n hacer cultos tres veces por semana. Y ser\u00e1 hasta la cuarta fase, que comenzar\u00eda en julio, cuando se reactivar\u00e1n los aeropuertos, los restaurantes, los gimnasios y otras actividades donde pueda aglomerarse un gran n\u00famero de personas.<\/p>\n<div><\/div>\n<p>Impactos: 96<\/p>","protected":false},"excerpt":{"rendered":"<p>Servicios de Acento.com.do SANTO DOMINGO, Rep\u00fablica Dominicana.- El Gobierno ha decidido continuar con la estrategia de desescalada \u201cConvivir con el COVID-19 de forma segura\u201d,<\/p>\n","protected":false},"author":3,"featured_media":9188,"comment_status":"closed","ping_status":"closed","sticky":false,"template":"","format":"standard","meta":[],"categories":[3],"tags":[],"_links":{"self":[{"href":"https:\/\/hormigaradio.com\/index.php?rest_route=\/wp\/v2\/posts\/9791"}],"collection":[{"href":"https:\/\/hormigaradio.com\/index.php?rest_route=\/wp\/v2\/posts"}],"about":[{"href":"https:\/\/hormigaradio.com\/index.php?rest_route=\/wp\/v2\/types\/post"}],"author":[{"embeddable":true,"href":"https:\/\/hormigaradio.com\/index.php?rest_route=\/wp\/v2\/users\/3"}],"replies":[{"embeddable":true,"href":"https:\/\/hormigaradio.com\/index.php?rest_route=%2Fwp%2Fv2%2Fcomments&post=9791"}],"version-history":[{"count":1,"href":"https:\/\/hormigaradio.com\/index.php?rest_route=\/wp\/v2\/posts\/9791\/revisions"}],"predecessor-version":[{"id":9792,"href":"https:\/\/hormigaradio.com\/index.php?rest_route=\/wp\/v2\/posts\/9791\/revisions\/9792"}],"wp:featuredmedia":[{"embeddable":true,"href":"https:\/\/hormigaradio.com\/index.php?rest_route=\/wp\/v2\/media\/9188"}],"wp:attachment":[{"href":"https:\/\/hormigaradio.com\/index.php?rest_route=%2Fwp%2Fv2%2Fmedia&parent=9791"}],"wp:term":[{"taxonomy":"category","embeddable":true,"href":"https:\/\/hormigaradio.com\/index.php?rest_route=%2Fwp%2Fv2%2Fcategories&post=9791"},{"taxonomy":"post_tag","embeddable":true,"href":"https:\/\/hormigaradio.com\/index.php?rest_route=%2Fwp%2Fv2%2Ftags&post=9791"}],"curies":[{"name":"wp","href":"https:\/\/api.w.org\/{rel}","templated":true}]}}