{"id":9797,"date":"2020-06-03T03:30:46","date_gmt":"2020-06-03T03:30:46","guid":{"rendered":"http:\/\/hormigaradio.com\/?p=9797"},"modified":"2020-06-03T03:30:46","modified_gmt":"2020-06-03T03:30:46","slug":"leonel-fernandez-promete-ante-aird-amnistia-fiscal-de-ganar-la-presidencia","status":"publish","type":"post","link":"https:\/\/hormigaradio.com\/?p=9797","title":{"rendered":"LEONEL FERN\u00c1NDEZ PROMETE ANTE AIRD AMNIST\u00cdA FISCAL DE GANAR LA PRESIDENCIA"},"content":{"rendered":"<p><a href=\"https:\/\/acento.com.do\/author\/servicios\/\">Servicios de Acento.com.do<\/a><\/p>\n<figure style=\"width: 575px\" class=\"wp-caption alignleft\"><img loading=\"lazy\" class=\"attachment-full wp-post-image\" src=\"https:\/\/acento.com.do\/wp-content\/uploads\/EZjRC-4XgAEs1O0.jpeg\" sizes=\"(max-width: 575px) 100vw, 575px\" srcset=\"https:\/\/acento.com.do\/wp-content\/uploads\/EZjRC-4XgAEs1O0.jpeg 575w, https:\/\/acento.com.do\/wp-content\/uploads\/EZjRC-4XgAEs1O0-250x167.jpeg 250w, https:\/\/acento.com.do\/wp-content\/uploads\/EZjRC-4XgAEs1O0-120x80.jpeg 120w, https:\/\/acento.com.do\/wp-content\/uploads\/EZjRC-4XgAEs1O0-12x8.jpeg 12w\" alt=\"\" width=\"575\" height=\"386\" \/><figcaption class=\"wp-caption-text\"><em><strong>Leonerl Fern\u00e1ndez.<\/strong><\/em><\/figcaption><\/figure>\n<p>SANTO DOMINGO, Rep\u00fablica Dominicana.- Entre las medidas econ\u00f3micas que aplicar\u00eda el candidato presidencia de la Fuerza del Pueblo, Leonel Fern\u00e1ndez, de ganar la presidencia de la Rep\u00fablica, est\u00e1 la aplicaci\u00f3n inmediata de una amnist\u00eda fiscal que permita a las empresas y a las personas trabajar sin contingencias fiscales.<\/p>\n<p>Fern\u00e1ndez ofreci\u00f3 estas declaraciones en el marco de su exposici\u00f3n ante la Asociaci\u00f3n de Industrias de la Rep\u00fablica Dominicana (AIRD).<\/p>\n<p>El tambi\u00e9n ex presidente dijo que desde la Presidencia promover\u00e1 un Pacto por la Salud que permita, en el menor plazo posible, realizar, entre otras cosas, las inversiones en la construcci\u00f3n de nuevos hospitales<\/p>\n<p>Leonel plante\u00f3 adem\u00e1s convertir el parque Cibern\u00e9tico de Santo Domingo en el corredor tecnol\u00f3gico de las Am\u00e9ricas para lograr la instalaci\u00f3n de empresas alta tecnolog\u00eda, que significa un modelo de desarrollo.<\/p>\n<p>\u201cNos enfocaremos en aplicar, real y efectivamente, pruebas masivas de diagn\u00f3stico de Coronavirus, a los fines de contener su expansi\u00f3n; en observar, monitorear y dar seguimiento a los pacientes recluidos en sus hogares, a trav\u00e9s de una aplicaci\u00f3n digital; en equipar, de manera apropiada, nuestros centros de salud; y en proveer de medios de bioseguridad e incentivos a todo el personal sanitario. Promoveremos un Pacto por la Salud que permita, en el menor plazo posible, realizar, entre otras cosas, las inversiones en la construcci\u00f3n de nuevos hospitales; en las adecuaciones que sean necesarias; y en estructurar adecuadamente las Unidades de Atenci\u00f3n Primaria y Centros de Atenci\u00f3n Primaria, como verdaderos elementos de apoyo a la prevenci\u00f3n y como puerta de entrada al Sistema Nacional de Salud\u201d.<\/p>\n<p>Dijo que va a implementar un plan para disminuir la mortalidad neonatal, materno-infantil, as\u00ed como la detecci\u00f3n temprana de enfermedades como la diabetes, la obesidad y la hipertensi\u00f3n arterial.<\/p>\n<p>\u201cEn el corto plazo y como resultado del Covid-19, desde el punto de vista econ\u00f3mico, se proyecta que los ingresos del Estado caer\u00e1n aproximadamente en un 4 por ciento respecto a los del 2019, y en un 15 por ciento, en relaci\u00f3n al presupuesto del 2020\u201d.<\/p>\n<p>Cit\u00f3 que los gastos del gobierno anunciados hasta ahora, en los Programas Qu\u00e9date en Casa, FASE y Pa\u2019Ti, podr\u00edan alcanzar 60 mil millones de pesos.<\/p>\n<p>\u201cPor tanto, podemos estimar un d\u00e9ficit de m\u00e1s del doble del presupuestado (casi 6 por ciento del PIB) y una necesidad de financiamiento de cerca del 9 por ciento del PIB, es decir, unos 165 mil millones de pesos por encima del d\u00e9ficit de 246 mil millones, previstos en el presupuesto. Para cubrir ese d\u00e9ficit resulta urgente gestionar fondos de los organismos internacionales con menores condicionalidades, para amortiguar el efecto de los empr\u00e9stitos en el servicio de la deuda, ya de por s\u00ed demasiado elevada. Para estimular la reactivaci\u00f3n y el crecimiento de nuestra econom\u00eda, aplicaremos una pol\u00edtica expansiva del gasto p\u00fablico, orientada fundamentalmente a la construcci\u00f3n y reparaci\u00f3n de viviendas de bajo costo, de acueductos, plantas de tratamientos de aguas residuales, drenaje pluvial, as\u00ed como canales de riego y pozos tubulares.<\/p>\n<p>A su vez, agreg\u00f3: \u00abVamos a relanzar los incentivos fiscales a la inversi\u00f3n y reinversi\u00f3n de utilidades que creen empleo en el corto plazo, no solo en el marco del pacto fiscal, sino tambi\u00e9n extendiendo los beneficios de disposiciones legales, como la de ProIndustria\u201d.<\/p>\n<p>Dijo que se propone crear un fondo de garant\u00eda que permita a la industria y a las micro, peque\u00f1as y medianas empresas (MIPYMES), obtener financiamiento con las mejores condiciones; y propondremos a las autoridades monetarias y financieras una modificaci\u00f3n del Reglamento de Evaluaci\u00f3n de Activos para facilitar el cr\u00e9dito a los sectores productivos.<\/p>\n<p>\u201cPromoveremos una amnist\u00eda fiscal amplia, que permita a las empresas y a las personas trabajar sin contingencias fiscales. Dictaremos un conjunto de decretos y reglamentos para simplificar tr\u00e1mites tributarios; y someteremos una ley de bancarizaci\u00f3n que permita en el futuro cercano estimular al sector informal de nuestra econom\u00eda, pasar a una etapa de formalizaci\u00f3n. Impulsaremos la aplicaci\u00f3n de la ley de garant\u00edas mobiliarias; apoyaremos a las empresas que por razones relacionadas con la crisis, se acojan a la Ley de Reestructuraci\u00f3n Mercantil, negociando sus obligaciones con el fisco en condiciones favorables para ellas\u201d.<\/p>\n<p>Explic\u00f3 que esta crisis del COVID-19, que es de m\u00faltiples dimensiones, est\u00e1 generando un criterio entre las naciones, a nivel mundial, de mirar hacia adentro.<\/p>\n<p>\u201cEsto significa que est\u00e1n utilizando mecanismos que contribuyen a una reactivaci\u00f3n de los sectores productivos nacionales, en lugar de incentivar las importaciones de bienes y servicios. En nuestro caso, por consiguiente, se hace imprescindible contar con un sector productivo agr\u00edcola e industrial nacional fuerte. En tal virtud, procederemos a una modificaci\u00f3n de la Ley de Compras y Contrataciones, en base a la cual todas las instituciones estatales se encuentren obligadas a adquirir un m\u00ednimo del 30 por ciento de sus compras en bienes producidos en el pa\u00eds\u201d.<\/p>\n<p>Dijo que durante nuestro \u00faltimo per\u00edodo de gobierno promovimos la elaboraci\u00f3n del Plan Nacional de Competitividad Sist\u00e9mica de la Rep\u00fablica Dominicana, que ve\u00eda en la industria uno de los principales motores de crecimiento en el pa\u00eds.<\/p>\n<p>\u201cComo consecuencia de ese plan, surgi\u00f3 la Ley de ProIndustria, que ha desempe\u00f1ado un papel clave en la creaci\u00f3n de incentivos para la expansi\u00f3n de nuestro sector industrial; y es por eso que en estos momentos estamos de acuerdo en apoyar la aprobaci\u00f3n del proyecto de ley que actualmente cursa en el Congreso Nacional para adecuar dicha ley y facilitar la reconversi\u00f3n industrial.<\/p>\n<p>Ahora bien, al apoyar la extensi\u00f3n de los incentivos de la Ley de ProIndustria, debemos evitar en caer en incoherencias. Constituye una incoherencia, por ejemplo, el hecho de que el actual gobierno, al someter un proyecto de ley para prorrogar los incentivos de la Ley de ProIndustria, por otro lado dispone, sin embargo, en la Ley de Presupuesto, gravar con ITBIS los bienes que no est\u00e1n sujetos al pago de dicho impuesto\u201d, dijo<\/p>\n<p>Dijo compartir la filosof\u00eda de esta asociaci\u00f3n en el sentido de que el sector industrial debe contar con pol\u00edticas activas de encadenamiento productivo. Que debe haber una mayor integraci\u00f3n dentro del mismo sector, pero de igual manera con otros sectores, como por ejemplo, el agropecuario, el turismo, las zonas francas y la construcci\u00f3n.<\/p>\n<p>\u201cUn mayor encadenamiento productivo conduce a mayores fuentes de empleo y a la creaci\u00f3n de nuevas oportunidades empresariales. Para hacer efectivo el aporte del gobierno a una pol\u00edtica activa de fomento a los encadenamientos productivos, resulta importante promover una reforma institucional de todas las entidades que intervienen en la pol\u00edtica industrial. Esto as\u00ed, para que sean m\u00e1s eficientes y puedan existir instancias permanentes de colaboraci\u00f3n institucional. El sistema institucional del sector industrial dominicano est\u00e1 muy disperso. No existe una concentraci\u00f3n de acciones que impacten de forma positiva el aparato productivo. Tenemos m\u00e1s de 10 instituciones p\u00fablicas y privadas alrededor del sector y todas, o hacen lo mismo o no hacen nada, por fortalecer el aparato industrial\u201d.<\/p>\n<p>Plante\u00f3 crear un instrumento de gobernanza o direcci\u00f3n que paute el proceso a seguir por la industria dominicana.<\/p>\n<p>\u201cEn el Programa de Gobierno de la Fuerza del Pueblo, elaboramos siete pilares para una nueva etapa de transformaciones, en distintos \u00e1mbitos, en el pa\u00eds. Uno de ellos se refiere a la creaci\u00f3n de un nuevo paradigma de innovaci\u00f3n y competitividad. Para hacer efectiva esa propuesta, se requiere la formaci\u00f3n de miles de t\u00e9cnicos en ingenier\u00eda de software, rob\u00f3tica, biotecnolog\u00eda, nanotecnolog\u00eda, realidad virtual aumentada, as\u00ed como de otras tecnolog\u00edas emergentes. Eso nos proponemos realizarlo a trav\u00e9s de nuestras instituciones de educaci\u00f3n superior, de la continuaci\u00f3n de nuestro programa de becas en el exterior; y la expansi\u00f3n del Instituto Tecnol\u00f3gico de Las Am\u00e9ricas\u201d.<\/p>\n<p>Sostuvo que su gesti\u00f3n, el Cuerpo Diplom\u00e1tico estar\u00e1 al servicio de la promoci\u00f3n del pa\u00eds y de sus productos. Daremos apoyo para trabajar conjuntamente con el sector privado, para entrenar a nuestros productores agropecuarios en el cumplimiento de las normas fitosanitarias.<\/p>\n<p><strong>Agropecuaria<\/strong><\/p>\n<p>De igual manera, dijo que apoyar\u00e1 al sector agropecuario para garantizar la seguridad alimentaria de nuestra poblaci\u00f3n. Para eso recibir\u00e1 todo el apoyo para el financiamiento, investigaci\u00f3n, y siembra de especies con mayor productividad.<\/p>\n<p>\u201cEn nuestro Gobierno, la miner\u00eda ser\u00e1 una actividad prioritaria. Estamos conscientes de la necesidad de explotar nuestros recursos mineros, pero aspiramos a una industria extractiva que opere en armon\u00eda con el medio ambiente y aporte, para impulsar su desarrollo, una parte importante de los beneficios, a las comunidades donde operen las empresas\u201d.<\/p>\n<p><strong>Vulnerabilidad<\/strong><\/p>\n<p>Leonel dijo que el Covid-19 ha puesto en evidencia la vulnerabilidad de las cadenas internacionales de suministro, y la Rep\u00fablica Dominicana, debido a su estrat\u00e9gica posici\u00f3n geogr\u00e1fica, podr\u00e1 beneficiarse de la inevitable recomposici\u00f3n geoestrat\u00e9gica que se generar\u00e1.<\/p>\n<p>\u201cPor esas razones, planteamos la conversi\u00f3n del Parque Cibern\u00e9tico de Santo Domingo en el Corredor Tecnol\u00f3gico de Las Am\u00e9ricas, para lograr de esa manera, la instalaci\u00f3n de empresas de alta tecnolog\u00eda, lo que significa la aplicaci\u00f3n de un modelo de desarrollo de capital intensivo, con fuerte base tecnol\u00f3gica. Para que la Rep\u00fablica Dominicana pueda mejorar su competitividad, incrementar sus exportaciones y captar nuevas inversiones, debemos, entre otras pol\u00edticas, adoptar las siguientes:<\/p>\n<p>Primero, vincular la pol\u00edtica industrial a la pol\u00edtica comercial, con el prop\u00f3sito de promover el crecimiento y desarrollo de nuestras industrias, que no solo sustituya importaciones de bienes finales, sino que los produzca, as\u00ed como tambi\u00e9n bienes intermedios, destinados al mercado internacional.<\/p>\n<p>Segundo, fortalecer y dinamizar el Banco Nacional de las Exportaciones.<\/p>\n<p>Tercero, establecer de manera definitiva y total el sistema de ventanilla \u00fanica.<\/p>\n<p>Y cuarto, modernizar y actualizar los puertos, aeropuertos y las aduanas del pa\u00eds\u201d.<\/p>\n<p>Con la contracci\u00f3n de la demanda mundial, debido al impacto del COVID-19, dijo que muchos sectores cuentan actualmente con una sobrecapacidad instalada. Debido a eso, existe el leg\u00edtimo temor de que surjan pr\u00e1cticas desleales al comercio, como el dumping.<\/p>\n<p>\u201cAnte una situaci\u00f3n como esa, \u00bfC\u00f3mo podr\u00edamos defender los productos nacionales de pr\u00e1cticas desleales al comercio provenientes de terceros pa\u00edses? Para responder a esta interrogante, hay que recordar que la Rep\u00fablica Dominicana es miembro de la Organizaci\u00f3n Mundial del Comercio, y dentro de ese marco defenderemos a los productores locales de pr\u00e1cticas desleales. No vamos a propiciar la realizaci\u00f3n de importaciones que muchas veces afectan y llevan a la quiebra al productor local. Por el contrario, fortaleceremos la Comisi\u00f3n de Defensa Comercia\u201d.<\/p>\n<p>Impactos: 88<\/p>","protected":false},"excerpt":{"rendered":"<p>Servicios de Acento.com.do SANTO DOMINGO, Rep\u00fablica Dominicana.- Entre las medidas econ\u00f3micas que aplicar\u00eda el candidato presidencia de la Fuerza del Pueblo, Leonel Fern\u00e1ndez, de<\/p>\n","protected":false},"author":3,"featured_media":1984,"comment_status":"closed","ping_status":"closed","sticky":false,"template":"","format":"standard","meta":[],"categories":[6],"tags":[],"_links":{"self":[{"href":"https:\/\/hormigaradio.com\/index.php?rest_route=\/wp\/v2\/posts\/9797"}],"collection":[{"href":"https:\/\/hormigaradio.com\/index.php?rest_route=\/wp\/v2\/posts"}],"about":[{"href":"https:\/\/hormigaradio.com\/index.php?rest_route=\/wp\/v2\/types\/post"}],"author":[{"embeddable":true,"href":"https:\/\/hormigaradio.com\/index.php?rest_route=\/wp\/v2\/users\/3"}],"replies":[{"embeddable":true,"href":"https:\/\/hormigaradio.com\/index.php?rest_route=%2Fwp%2Fv2%2Fcomments&post=9797"}],"version-history":[{"count":1,"href":"https:\/\/hormigaradio.com\/index.php?rest_route=\/wp\/v2\/posts\/9797\/revisions"}],"predecessor-version":[{"id":9798,"href":"https:\/\/hormigaradio.com\/index.php?rest_route=\/wp\/v2\/posts\/9797\/revisions\/9798"}],"wp:featuredmedia":[{"embeddable":true,"href":"https:\/\/hormigaradio.com\/index.php?rest_route=\/wp\/v2\/media\/1984"}],"wp:attachment":[{"href":"https:\/\/hormigaradio.com\/index.php?rest_route=%2Fwp%2Fv2%2Fmedia&parent=9797"}],"wp:term":[{"taxonomy":"category","embeddable":true,"href":"https:\/\/hormigaradio.com\/index.php?rest_route=%2Fwp%2Fv2%2Fcategories&post=9797"},{"taxonomy":"post_tag","embeddable":true,"href":"https:\/\/hormigaradio.com\/index.php?rest_route=%2Fwp%2Fv2%2Ftags&post=9797"}],"curies":[{"name":"wp","href":"https:\/\/api.w.org\/{rel}","templated":true}]}}