{"id":9802,"date":"2020-06-03T03:40:15","date_gmt":"2020-06-03T03:40:15","guid":{"rendered":"http:\/\/hormigaradio.com\/?p=9802"},"modified":"2020-06-03T03:40:15","modified_gmt":"2020-06-03T03:40:15","slug":"luis-abinader-promete-apoyara-industria-y-sector-productivo-para-crear-600-mil-empleos-formales-en-4-anos","status":"publish","type":"post","link":"https:\/\/hormigaradio.com\/?p=9802","title":{"rendered":"LUIS ABINADER PROMETE APOYAR\u00c1 INDUSTRIA Y SECTOR PRODUCTIVO PARA CREAR 600 MIL EMPLEOS FORMALES EN 4 A\u00d1OS"},"content":{"rendered":"<p><a href=\"https:\/\/acento.com.do\/author\/servicios\/\">Servicios de Acento.com.do<\/a><\/p>\n<p>&nbsp;<\/p>\n<p><img loading=\"lazy\" class=\"attachment-full size-full wp-post-image\" src=\"https:\/\/acento.com.do\/wp-content\/uploads\/Foto-de-Luis-Abinader-14-10-20-1.jpg\" sizes=\"(max-width: 1160px) 100vw, 1160px\" srcset=\"https:\/\/acento.com.do\/wp-content\/uploads\/Foto-de-Luis-Abinader-14-10-20-1.jpg 1160w, https:\/\/acento.com.do\/wp-content\/uploads\/Foto-de-Luis-Abinader-14-10-20-1-250x166.jpg 250w, https:\/\/acento.com.do\/wp-content\/uploads\/Foto-de-Luis-Abinader-14-10-20-1-700x465.jpg 700w, https:\/\/acento.com.do\/wp-content\/uploads\/Foto-de-Luis-Abinader-14-10-20-1-768x510.jpg 768w, https:\/\/acento.com.do\/wp-content\/uploads\/Foto-de-Luis-Abinader-14-10-20-1-120x79.jpg 120w, https:\/\/acento.com.do\/wp-content\/uploads\/Foto-de-Luis-Abinader-14-10-20-1-12x8.jpg 12w\" alt=\"\" width=\"1160\" height=\"771\" \/><\/p>\n<p>&nbsp;<\/p>\n<p>SANTO DOMINGO, Rep\u00fablica Dominicana.-\u00a0 El candidato presidencial del Partido Revolucionario Moderno y aliados, Luis Abinader,\u00a0 afirm\u00f3 que el apoyo del gobierno a la industria y a los sectores productivos del pa\u00eds ser\u00e1 un factor clave para alcanzar la meta de crear 600 mil empleos formales en los pr\u00f3ximos cuatro a\u00f1os.<\/p>\n<p>Tras resaltar que las exportaciones nacionales apenas representan un 6% del producto interno bruto (PIB), el economista y l\u00edder pol\u00edtico declar\u00f3 que el futuro econ\u00f3mico del pa\u00eds depende en gran medida de la capacidad de la industria local para colocar los productos dominicanos en los mercados internacionales.<\/p>\n<p>Durante la presentaci\u00f3n de su propuesta para relanzar la econom\u00eda del pa\u00eds ante la matr\u00edcula de la Asociaci\u00f3n de Industrias de la Rep\u00fablica Dominicana (AIRD) Abinader dijo que la meta de su administraci\u00f3n es duplicar el ritmo de crecimiento de las exportaciones en comparaci\u00f3n con los \u00faltimos ocho a\u00f1os, lo que permitir\u00e1 crear por esa v\u00eda entre 400 mil y 500 mil empleos.<\/p>\n<p>\u201cComo naci\u00f3n necesitamos que todos los dominicanos trabajemos juntos para superar nuestras deficiencias institucionales, transformemos el modelo econ\u00f3mico que excluye a la mayor\u00eda de los beneficios del crecimiento, acabemos con la impunidad y generemos mejores oportunidades para quienes han perdido la fe en el futuro de nuestra naci\u00f3n\u201d, reflexion\u00f3 Abinader.<\/p>\n<p><strong>Trato impositivo similar a Zonas Francas<\/strong><\/p>\n<p>Abinader dijo que para \u00a0para lograr que la industria nacional mejore sustancialmente su capacidad exportadora y su impacto en la generaci\u00f3n de empleos \u00a0es necesario otorgarle un tratamiento impositivo a sus exportaciones similar al que recibe las zonas francas, tras de lo cual gener\u00f3 una entusiasta reacci\u00f3n entre los empresarios participantes en el encuentro.<\/p>\n<p>\u201cNuestra administraci\u00f3n se propone liberar del pago de impuesto sobre la renta a la proporci\u00f3n de la producci\u00f3n exportada, una gran aspiraci\u00f3n del sector industrial dominicano y me parece que ha llegado el momento de implementarla, en coherencia con nuestra visi\u00f3n de que las exportaciones dominicanas no deben ser penalizadas a trav\u00e9s de la carga impositiva\u201d, declar\u00f3 Abinader.<\/p>\n<p>Y dijo que en ese mismo contexto, propondr\u00e1 eliminar del c\u00e1lculo del anticipo del impuesto sobre la renta la proporci\u00f3n de los ingresos del sector industrial dominicano que se origina en el valor exportado; tambi\u00e9n nos proponemos eliminar los impuestos a las maquinarias e insumos dedicados a la actividad exportadora en la proporci\u00f3n correspondiente; as\u00ed como tambi\u00e9n, incluir dentro de las facilidades del art\u00edculo 50 de Proindustria las inversiones realizadas en investigaci\u00f3n y desarrollo, y las destinadas a la econom\u00eda circular.<\/p>\n<p>El candidato presidencial que encabeza la mayor\u00eda de las encuestas para ganar las pr\u00f3ximas elecciones convoc\u00f3 a los empresarios a realizar \u00a0un mejor esfuerzo para lograr explotar todo el potencial exportador con que cuenta el pa\u00eds.<\/p>\n<p>Dijo que las exportaciones nacionales apenas representan un 6% del producto interno bruto (PIB), mientras que las importaciones nacionales son aproximadamente un 20% del PIB, situaci\u00f3n que defini\u00f3 como \u00a0\u201cun desbalance que como econom\u00eda debemos superar, haciendo \u00e9nfasis en las exportaciones\u201d.<\/p>\n<p>Expuso que la realidad econ\u00f3mica del pa\u00eds ha cambiado tras los efectos del Covid-19 y sostuvo que para impulsar la recuperaci\u00f3n econ\u00f3mica y social ser\u00e1 indispensable el apoyo gubernamental,\u00a0 \u201cpues una gran cantidad de dominicanos perdieron sus empleos, y muchas empresas que eran financieramente viables antes de la crisis, ya no lo son\u201d.<\/p>\n<p>\u201cEl gran reto es que la humanidad est\u00e1 viviendo en estos momentos la cuarta revoluci\u00f3n industrial y tenemos que apresurar el paso para no quedar rezagados mientras se producen grandes avances en la industria global. Los desaf\u00edos son mayores si consideramos que la aparici\u00f3n de la pandemia del Covid-19 ha provocado una crisis sanitaria y, de paso, una crisis econ\u00f3mica\u201d, manifest\u00f3 Abinader.<\/p>\n<p><strong>Acciones para apoyar la producci\u00f3n y las exportaciones<\/strong><\/p>\n<p>El l\u00edder opositor describi\u00f3 una serie de medidas que aplicar\u00eda \u201cel Gobierno del Cambio\u201d para crear un ambiente altamente propicio para dinamizar la producci\u00f3n y estimular las exportaciones, entre las que destac\u00f3 reducir\u00a0 la burocracia de los procedimientos de exportaci\u00f3n, con Cero Corrupci\u00f3n y Cero Contrabando, y revisar todas las normas de la DGII para eliminar aquellas que crean burocracia y no tienen alto impacto en la recaudaci\u00f3n.<\/p>\n<p>Otras medidas incluyen Capacitar el servicio exterior para promover las inversiones y productos dominicanos en el exterior, mejorar la eficiencia y coordinaci\u00f3n de las inspecciones de productos de exportaci\u00f3n de las diversas entidades p\u00fablicas utilizando un sistema de perfil de riesgo, acelerar la implementaci\u00f3n de la Ventanilla \u00danica de Comercio Exterior, mejorar el entorno de negocios reduciendo la complejidad y costos de las transacciones de las empresas y priorizar los encadenamientos productivos con \u00e9nfasis en aquellos de mayor impacto.<\/p>\n<p>Igualmente propone promover la agilizaci\u00f3n de los fallos a Recursos de Reconsideraci\u00f3n para que no tarden m\u00e1s de 3 meses en ser fallados y eliminar el cobro de intereses sobre el tiempo superior a estos 3 meses sin haberse fallado el recurso, propiciar la competencia en el sector transporte de forma tal que las tarifas se fijen en funci\u00f3n de los precios de mercado y someter un Proyecto de ley de silencio administrativo para reducir el tiempo de espera para obtener los permisos y licencias que debe otorgar la burocracia estatal.<\/p>\n<p>Abinader tambi\u00e9n hizo \u00e9nfasis en la seguridad jur\u00eddica como base para la construcci\u00f3n de una sociedad desarrollada y se comprometi\u00f3 a impulsar un Proyecto de ley que proteja los derechos adquiridos de las empresas frente al Estado.<\/p>\n<p><strong>Formaci\u00f3n del capital humano<\/strong><\/p>\n<p>De acuerdo al licenciado Abinader, uno de los grandes retos para el Desarrollo del pa\u00eds es como elevar la calidad y habilidades de nuestro capital humano, ya que a su juicio no es posible competir en un mundo globalizado si nuestra fuerza de trabajo no tiene la preparaci\u00f3n y habilidades necesarias.<\/p>\n<p>En ese sentido plante\u00f3 varias iniciativas que propondr\u00eda su gobierno para fortalecer la formaci\u00f3n t\u00e9cnica y laboral necesaria para responder a las necesidades del desarrollo, entre ellas establecer el ingl\u00e9s como segunda lengua;\u00a0 alianza con las c\u00e1maras de comercio y red dominicana de microfinanzas para realizar no menos de 1,500 talleres de capacitaci\u00f3n en temas gerenciales; establecer un programa continuo de capacitaci\u00f3n en los temas relacionados con las mejores pr\u00e1cticas en los negocios.<\/p>\n<p>Igualmente impartir cursos y acreditaciones enfocados en las profesiones t\u00e9cnicas; as\u00ed como otros conocimientos y destrezas de mayor demanda, como mec\u00e1nica industrial, mec\u00e1nica automotriz, dise\u00f1o gr\u00e1fico, dise\u00f1o de software, mantenimiento de equipos pesados, electricidad, t\u00e9cnica en refrigeraci\u00f3n, desarrollo de medios digitales, y control de calidad en industrias alimentarias, entre otros.<\/p>\n<p><strong>Capital semilla y apoyo a los j\u00f3venes emprendedores<\/strong><\/p>\n<p>En otro componente de su sus propuestas, Abinader favoreci\u00f3 crear una alianza entre el sector p\u00fablico y el privado\u00a0\u00a0\u00a0 para apoyar con capital semilla los proyectos evaluados con factibilidad de \u00e9xito.<br \/>\nDijo que j\u00f3venes dominicanos tienen el talento necesario para el desarrollo de proyectos innovadores en diversos sectores de la econom\u00eda, especialmente los relacionados con tecnolog\u00eda.<\/p>\n<p>Y agreg\u00f3 que el acceso a las fuentes de capital ha sido una barrera para el desarrollo de nuevos proyectos, mientras que la experiencia internacional muestra que los gobiernos aliados con el sector privado pueden jugar un papel importante en generar un entorno propicio al emprendimiento innovador.<\/p>\n<p>Abinader se comprometi\u00f3 a crear las condiciones para que el sector privado, mediante un sistema colegiado, elija los proyectos que tengan los m\u00e9ritos suficientes y establecer un programa de paridad en seg\u00fan el cual por cada peso que el sector privado invierta en el capital de estos proyectos de emprendimiento, el sector p\u00fablico aporte la misma cantidad<\/p>\n<p>Igualmente fomentar\u00eda una tutela de dominicanos radicados en Silicon Valley con la idea es que estos emprendedores creen sus empresas en el pa\u00eds, generen empleos, y que cuenten con un mecanismo de monetizar su inversi\u00f3n a trav\u00e9s del mercado de valores.<\/p>\n<p>En un cap\u00edtulo de su presentaci\u00f3n Abinader se refiri\u00f3 a la denominada econom\u00eda circular como un tema que merece una particular atenci\u00f3n de la sociedad dominicana.<\/p>\n<p>Tras se\u00f1alar como pa\u00eds hemos avanzado muy poco en el tratamiento de los desechos s\u00f3lidos, porque no tenemos una cultura del reciclaje, mientras el da\u00f1o ambiental ha sido enorme, Abinader valor\u00f3 positivamente el convenio suscrito entre la AIRD y el Banco Interamericano de Desarrollo (BID)-<br \/>\nDijo que ese proyecto plantea \u00a0\u201cun modelo de intervenci\u00f3n que contribuye a generar un cambio de conducta en un grupo de empresas en torno a la reducci\u00f3n y aprovechamiento de los residuos generados en los procesos de transformaci\u00f3n y post-consumo\u201d.<\/p>\n<p>Indic\u00f3 que desde el gobierno se le dar\u00e1 el apoyo m\u00e1s entusiasta al proyecto de econom\u00eda circular, particularmente en cuanto a sus objetivos de crear sinergias con el gobierno y los municipios para buscar soluciones integrales al manejo de los residuos s\u00f3lidos y de impulsar las leyes y regulaciones necesarias para promover una industria recicladora.<\/p>\n<p>\u201cEl apoyo que hemos expresado a la industria nacional es el resultado de nuestro convencimiento de que en el tr\u00e1nsito hacia una econom\u00eda desarrollada es crucial contar con una industria nacional competitiva, por lo que se necesita ir creando la cultura de consumir lo nuestro\u201d, expres\u00f3 el candidato presidencial del PRM.<\/p>\n<p>Y apunt\u00f3 que por tales razones, en su plan de gobierno se ha incluido un amplio Plan Nacional de Emergencia para la Competitividad (PNEC), para implementar estrategias y pol\u00edticas gubernamentales en auxilio a todas las empresas de productos y servicios de consumo local y para exportaci\u00f3n.<\/p>\n<p>Explic\u00f3 que ese plan contempla aspectos generales aplicados a todas las empresas; adem\u00e1s de consultar con los diversos gremios empresariales para dise\u00f1ar las estrategias espec\u00edficas conforme a las necesidades puntuales de sector.<\/p>\n<p><strong>Amplia reestructuraci\u00f3n del sector el\u00e9ctrico estatal<\/strong><\/p>\n<p>El candidato presidencial del Partido Revolucionario Moderno y aliados se comprometi\u00f3 a impulsar una profunda reestructuraci\u00f3n del sector el\u00e9ctrico estatal, que defini\u00f3 como una pesada carga para los sectores productivos del pa\u00eds.<\/p>\n<p>Declar\u00f3 la voluntad de desarrollar y fortalecer la institucionalidad en el funcionamiento pr\u00e1ctico del mercado el\u00e9ctrico dominicano para eliminar la extrema politizaci\u00f3n que ha caracterizado las actuaciones de las instituciones y empresas p\u00fablicas en el sector el\u00e9ctrico.<\/p>\n<p>Al sostener que el primer foco de politizaci\u00f3n, despilfarro y sobrecostos en el sector son las tres empresas distribuidoras de electricidad, dijo que dentro de las primeras medidas de su gobierno se incluir\u00e1 la fusi\u00f3n de sus tres consejos de administraci\u00f3n en un solo \u00f3rgano, integrado por profesionales de gran solvencia \u00e9tica y profesional.<\/p>\n<p>\u201cEl mandato inmediato de ese nuevo y \u00fanico consejo ser\u00e1 la eliminaci\u00f3n del dispendio, la mejora gerencial, la introducci\u00f3n de nuevas tecnolog\u00edas y, eventualmente, el traspaso de la gesti\u00f3n administrativa de las distribuidoras a una firma privada especializada en gesti\u00f3n de servicios p\u00fablicos que se contratar\u00e1 mediante licitaci\u00f3n p\u00fablica internacional\u201d, precis\u00f3 Abinader.<\/p>\n<p><strong>Nuevas unidades generadoras en la Regi\u00f3n Norte.<\/strong><\/p>\n<p>Abinader dijo que promover\u00e1 con \u00e9nfasis la instalaci\u00f3n de nuevas unidades generadoras de electricidad en la regi\u00f3n norte del pa\u00eds.<\/p>\n<p>Igualmente promover\u00e1 inversiones para fortalecer el sistema de transmisi\u00f3n o transporte de electricidad, pues sin una adecuada capacidad de transmisi\u00f3n no podremos superar la extrema fragilidad e inseguridad en el servicio, as\u00ed como tampoco las limitaciones para expandir las instalaciones de generadores basados en fuentes renovables, que ser\u00e1 igualmente una de mis prioridades.<\/p>\n<p>Impactos: 106<\/p>","protected":false},"excerpt":{"rendered":"<p>Servicios de Acento.com.do &nbsp; &nbsp; SANTO DOMINGO, Rep\u00fablica Dominicana.-\u00a0 El candidato presidencial del Partido Revolucionario Moderno y aliados, Luis Abinader,\u00a0 afirm\u00f3 que el apoyo<\/p>\n","protected":false},"author":3,"featured_media":8844,"comment_status":"closed","ping_status":"closed","sticky":false,"template":"","format":"standard","meta":[],"categories":[6],"tags":[],"_links":{"self":[{"href":"https:\/\/hormigaradio.com\/index.php?rest_route=\/wp\/v2\/posts\/9802"}],"collection":[{"href":"https:\/\/hormigaradio.com\/index.php?rest_route=\/wp\/v2\/posts"}],"about":[{"href":"https:\/\/hormigaradio.com\/index.php?rest_route=\/wp\/v2\/types\/post"}],"author":[{"embeddable":true,"href":"https:\/\/hormigaradio.com\/index.php?rest_route=\/wp\/v2\/users\/3"}],"replies":[{"embeddable":true,"href":"https:\/\/hormigaradio.com\/index.php?rest_route=%2Fwp%2Fv2%2Fcomments&post=9802"}],"version-history":[{"count":1,"href":"https:\/\/hormigaradio.com\/index.php?rest_route=\/wp\/v2\/posts\/9802\/revisions"}],"predecessor-version":[{"id":9803,"href":"https:\/\/hormigaradio.com\/index.php?rest_route=\/wp\/v2\/posts\/9802\/revisions\/9803"}],"wp:featuredmedia":[{"embeddable":true,"href":"https:\/\/hormigaradio.com\/index.php?rest_route=\/wp\/v2\/media\/8844"}],"wp:attachment":[{"href":"https:\/\/hormigaradio.com\/index.php?rest_route=%2Fwp%2Fv2%2Fmedia&parent=9802"}],"wp:term":[{"taxonomy":"category","embeddable":true,"href":"https:\/\/hormigaradio.com\/index.php?rest_route=%2Fwp%2Fv2%2Fcategories&post=9802"},{"taxonomy":"post_tag","embeddable":true,"href":"https:\/\/hormigaradio.com\/index.php?rest_route=%2Fwp%2Fv2%2Ftags&post=9802"}],"curies":[{"name":"wp","href":"https:\/\/api.w.org\/{rel}","templated":true}]}}