{"id":9814,"date":"2020-06-04T03:06:39","date_gmt":"2020-06-04T03:06:39","guid":{"rendered":"http:\/\/hormigaradio.com\/?p=9814"},"modified":"2020-06-04T03:07:13","modified_gmt":"2020-06-04T03:07:13","slug":"faride-no-ira-al-debate-prm-dijo-que-no","status":"publish","type":"post","link":"https:\/\/hormigaradio.com\/?p=9814","title":{"rendered":"FARIDE NO IR\u00c1 AL DEBATE: PRM DIJO QUE NO"},"content":{"rendered":"<p><a href=\"https:\/\/acento.com.do\/author\/servicios\/\">Servicios de Acento.com.do<\/a><\/p>\n<p>&nbsp;<\/p>\n<figure style=\"width: 500px\" class=\"wp-caption alignright\"><img loading=\"lazy\" class=\"attachment-full wp-post-image\" src=\"https:\/\/acento.com.do\/wp-content\/uploads\/i0000ozetjszn3l8jpg.jpg\" sizes=\"(max-width: 500px) 100vw, 500px\" srcset=\"https:\/\/acento.com.do\/wp-content\/uploads\/i0000ozetjszn3l8jpg.jpg 500w, https:\/\/acento.com.do\/wp-content\/uploads\/i0000ozetjszn3l8jpg-250x167.jpg 250w, https:\/\/acento.com.do\/wp-content\/uploads\/i0000ozetjszn3l8jpg-120x80.jpg 120w, https:\/\/acento.com.do\/wp-content\/uploads\/i0000ozetjszn3l8jpg-12x8.jpg 12w\" alt=\"\" width=\"500\" height=\"334\" \/><figcaption class=\"wp-caption-text\">Faride Raful, en entrevista en Acento TV.<\/figcaption><\/figure>\n<p>&nbsp;<\/p>\n<p>Santo Domingo, 3 jun (EFE y otros servicios de Acento.com.do).-La candidata al Senado de la Rep\u00fablica por el opositor Partido Revolucionario Moderno (PRM), Faride Raful, inform\u00f3 que no asistir\u00e1 al debate convocado por la Asociaci\u00f3n Nacional de J\u00f3venes Empresarios (ANJE).<\/p>\n<p>Raful declar\u00f3 a la periodista Anibelca Rosario que fue una decisi\u00f3n de su partido, el PRM.<\/p>\n<p>Por otro lado, la ANJE anunci\u00f3 este mi\u00e9rcoles que realizar\u00e1 los debates a nivel congresual con los aspirantes al Senado por el Distrito Nacional Rafael Paz, del PLD, y Vinicio Castillo Sem\u00e1n, de la Fuerza del Pueblo, quienes fueron los \u00fanicos en confirmar su participaci\u00f3n de los tres invitados.<\/p>\n<p>La celebraci\u00f3n del debate ser\u00e1 el lunes 22 de junio, a partir de las 8.00 de la noche a trav\u00e9s de los \u00abmedios de comunicaci\u00f3n aliados\u00bb, dijo la entidad en nota de prensa.<\/p>\n<p>Anje precis\u00f3 que no recibi\u00f3 respuesta a la invitaci\u00f3n que formul\u00f3 a la candidata del PRM, Faride Raful.<\/p>\n<p>Los ejes del debate ser\u00e1n, transparencia y rendici\u00f3n de cuentas; medioambiente y sostenibilidad; justicia y seguridad; transporte y ordenamiento territorial; migraci\u00f3n y extranjer\u00eda; econom\u00eda y energ\u00eda, y social y cultural.<\/p>\n<p>Los empresarios aseguraron que la iniciativa ha sido concebida como un \u00abespacio neutral, transparente y equitativo\u00bb, con reglas claras para que los candidatos proyecten sus posiciones e informen a la poblaci\u00f3n votante sobre sus proyectos a ejecutar en caso de ser electos.<\/p>\n<p>De este modo, agregaron, colaboran con el fortalecimiento de la democracia en beneficio de la ciudadan\u00eda, especialmente ante la situaci\u00f3n actual que vive el pa\u00eds, como consecuencia de la crisis causada por el COVID-19.<\/p>\n<p>El lunes pasado, Anje dio a conocer la cancelaci\u00f3n del debate que auspiciaba a nivel presidencial, porque solo uno de tres candidatos invitados aceptaron participar.<\/p>\n<p>La entidad dijo que a pesar de los esfuerzos y acciones desplegadas se vio obligada a cancelar los debates en el nivel presidencial, los cuales ve como una oportunidad valiosa para los candidatos de presentar y contrastar sus propuestas ante la ciudadan\u00eda.<\/p>\n<p>Un comunicado de Anje afirma que recibieron la confirmaci\u00f3n del candidato presidencial de la Fuerza del Pueblo, Leonel Fern\u00e1ndez; que el candidato por el Partido Revolucionario Moderno (PRM), Luis Abinader, dijo que estaba en la disposici\u00f3n de participar en el debate, y el que el del Partido de la Liberaci\u00f3n Dominicana (PLD), Gonzalo Castillo, aleg\u00f3 que ten\u00eda compromisos previos.EFE<\/p>\n<p>Impactos: 131<\/p>","protected":false},"excerpt":{"rendered":"<p>Servicios de Acento.com.do &nbsp; &nbsp; Santo Domingo, 3 jun (EFE y otros servicios de Acento.com.do).-La candidata al Senado de la Rep\u00fablica por el opositor<\/p>\n","protected":false},"author":3,"featured_media":3879,"comment_status":"closed","ping_status":"closed","sticky":false,"template":"","format":"standard","meta":[],"categories":[6],"tags":[],"_links":{"self":[{"href":"https:\/\/hormigaradio.com\/index.php?rest_route=\/wp\/v2\/posts\/9814"}],"collection":[{"href":"https:\/\/hormigaradio.com\/index.php?rest_route=\/wp\/v2\/posts"}],"about":[{"href":"https:\/\/hormigaradio.com\/index.php?rest_route=\/wp\/v2\/types\/post"}],"author":[{"embeddable":true,"href":"https:\/\/hormigaradio.com\/index.php?rest_route=\/wp\/v2\/users\/3"}],"replies":[{"embeddable":true,"href":"https:\/\/hormigaradio.com\/index.php?rest_route=%2Fwp%2Fv2%2Fcomments&post=9814"}],"version-history":[{"count":1,"href":"https:\/\/hormigaradio.com\/index.php?rest_route=\/wp\/v2\/posts\/9814\/revisions"}],"predecessor-version":[{"id":9816,"href":"https:\/\/hormigaradio.com\/index.php?rest_route=\/wp\/v2\/posts\/9814\/revisions\/9816"}],"wp:featuredmedia":[{"embeddable":true,"href":"https:\/\/hormigaradio.com\/index.php?rest_route=\/wp\/v2\/media\/3879"}],"wp:attachment":[{"href":"https:\/\/hormigaradio.com\/index.php?rest_route=%2Fwp%2Fv2%2Fmedia&parent=9814"}],"wp:term":[{"taxonomy":"category","embeddable":true,"href":"https:\/\/hormigaradio.com\/index.php?rest_route=%2Fwp%2Fv2%2Fcategories&post=9814"},{"taxonomy":"post_tag","embeddable":true,"href":"https:\/\/hormigaradio.com\/index.php?rest_route=%2Fwp%2Fv2%2Ftags&post=9814"}],"curies":[{"name":"wp","href":"https:\/\/api.w.org\/{rel}","templated":true}]}}