{"id":9817,"date":"2020-06-04T12:36:18","date_gmt":"2020-06-04T12:36:18","guid":{"rendered":"http:\/\/hormigaradio.com\/?p=9817"},"modified":"2020-06-04T12:52:09","modified_gmt":"2020-06-04T12:52:09","slug":"9817","status":"publish","type":"post","link":"https:\/\/hormigaradio.com\/?p=9817","title":{"rendered":"PANDEMIA CORONAVIRUS HABR\u00cdA RETRASADO JUICIO DE FONDO CONTRA LA SOGA ( UNA HISTORIA DE TERROR E IMPUNIDAD)"},"content":{"rendered":"<article id=\"post-8825334\" class=\"row post-8825334 post type-post status-publish format-standard has-post-thumbnail hentry category-actualidad\" data-post-path=\"\/2020\/actualidad\/8825334-pandemia-coronavirus-habria-retrasado-juicio-de-fondo-contra-la-soga\/\" data-disqus-id=\"8825334\" data-disqus-id-url=\"http:\/\/acento.com.do\/?p=8825334\" data-new-disqus-id-url=\"8825334 http:\/\/acento.com.do\/?p=8825334\" data-post-url=\"https:\/\/acento.com.do\/2020\/actualidad\/8825334-pandemia-coronavirus-habria-retrasado-juicio-de-fondo-contra-la-soga\/\" data-title=\"Pandemia coronavirus habr\u00eda retrasado juicio de fondo contra La Soga\">\n<div class=\"entry-content col-12 col-md-6 col-lg-8\">\n<p><a href=\"https:\/\/acento.com.do\/author\/mlaureano\/\">M\u00e1ximo Laureano<\/a><\/p>\n<figure id=\"attachment_9819\" aria-describedby=\"caption-attachment-9819\" style=\"width: 500px\" class=\"wp-caption aligncenter\"><img loading=\"lazy\" class=\"wp-image-9819 size-full\" src=\"http:\/\/hormigaradio.com\/wp-content\/uploads\/2020\/06\/la-soga-4.jpg\" alt=\"\" width=\"500\" height=\"334\" srcset=\"https:\/\/hormigaradio.com\/wp-content\/uploads\/2020\/06\/la-soga-4.jpg 500w, https:\/\/hormigaradio.com\/wp-content\/uploads\/2020\/06\/la-soga-4-300x200.jpg 300w\" sizes=\"(max-width: 500px) 100vw, 500px\" \/><figcaption id=\"caption-attachment-9819\" class=\"wp-caption-text\"><em><strong>Fernando de los Santos, La Soga, en el proceso judicial, en Santiago de los Caballeros.<\/strong><\/em><\/figcaption><\/figure>\n<p>&nbsp;<\/p>\n<p>SANTIAGO DE LOS CABALLEROS, Rep\u00fablica Dominicana.-La posposici\u00f3n de los procesos judiciales, tras los efectos de la pandemia del coronavirus, habr\u00eda retrasado, el inicio del juicio de fondo en contra del ex teniente de la Polic\u00eda Nacional, Fernando de los Santos (La Soga), quien fue asesinado el mi\u00e9rcoles en la ma\u00f1ana, en su comunidad natal de Gurabo en Santiago de los Caballeros.<\/p>\n<p>Informaciones compiladas en relaci\u00f3n a la situaci\u00f3n del ex agente policial, dan cuenta de que el inicio del proceso estaba pautado para abril o mayo, pero, se aplaz\u00f3, sin fecha, por detenci\u00f3n de todos los procesos.<\/p>\n<figure id=\"attachment_8825338\" aria-describedby=\"caption-attachment-8825338\" style=\"width: 640px\" class=\"wp-caption aligncenter\"><img loading=\"lazy\" class=\"wp-image-8825338\" src=\"https:\/\/acento.com.do\/wp-content\/uploads\/la-carta-de-la-soga-700x466.jpg\" sizes=\"(max-width: 640px) 100vw, 640px\" srcset=\"https:\/\/acento.com.do\/wp-content\/uploads\/la-carta-de-la-soga-700x466.jpg 700w, https:\/\/acento.com.do\/wp-content\/uploads\/la-carta-de-la-soga-250x166.jpg 250w, https:\/\/acento.com.do\/wp-content\/uploads\/la-carta-de-la-soga-768x512.jpg 768w, https:\/\/acento.com.do\/wp-content\/uploads\/la-carta-de-la-soga-1536x1024.jpg 1536w, https:\/\/acento.com.do\/wp-content\/uploads\/la-carta-de-la-soga-1080x720.jpg 1080w, https:\/\/acento.com.do\/wp-content\/uploads\/la-carta-de-la-soga-120x80.jpg 120w, https:\/\/acento.com.do\/wp-content\/uploads\/la-carta-de-la-soga-12x8.jpg 12w, https:\/\/acento.com.do\/wp-content\/uploads\/la-carta-de-la-soga.jpg 1600w\" alt=\"\" width=\"640\" height=\"426\" \/><figcaption id=\"caption-attachment-8825338\" class=\"wp-caption-text\"><em><strong>Carta escrita por La Soga en 2011, para defenderse.<\/strong><\/em><\/figcaption><\/figure>\n<p>La Soga, declarado pr\u00f3fugo a mediado de septiembre del 2011, por el entonces jefe de la Polic\u00eda Nacional y amigo suyo, mayor general Jos\u00e9 Armando Polanco G\u00f3mez, tras ser se\u00f1alado como responsable de la muerte de dos j\u00f3venes, cuyos cuerpos fueron hallados amarrados en la presa de Tavera, fue apresado el 02 de noviembre del 2017, tras una estela de versiones que se tejieron sobre su presuntas desaparici\u00f3n, entre 2011 y 2017.<\/p>\n<p>Fernando de los Santos fue atacado a tiros en las proximidades de su residencia en Gurabo, en relaci\u00f3n al hecho, la Polic\u00eda cruza versiones para aclarar el caso.<\/p>\n<p>La Soga, estaba en libertad bajo fianza y presentaci\u00f3n peri\u00f3dica, luego que en diciembre del 2018, fue variada la prisi\u00f3n preventiva.<\/p>\n<p>La Polic\u00eda ha dicho que estudia evidencias, pero, que a\u00fan no tiene pistas concluyentes que indiquen qui\u00e9n o qui\u00e9nes dispararon contra el exagente policial.<\/p>\n<p>El vocero del Comando Regional Cibao Central de la Polic\u00eda Nacional, sede Santiago, coronel Juan Guzm\u00e1n Bad\u00eda, ha dicho que se han encontrado unos 30 casquillos de proyectiles en el lugar y que eval\u00faan algunas pertenencias de la v\u00edctima.<\/p>\n<p>Se cree que los atacantes de La Soga se desplazaban en motocicletas, pero, esta es una versi\u00f3n no oficial a\u00fan. Los investigadores buscan confirmar en medio de diversas\u00a0 versiones de presuntos testigos.<\/p>\n<p>Mientras la Polic\u00eda trabaja para esclarecer el asunto, los corrillos en Santiago y en las redes sociales la pregunta de la poblaci\u00f3n es un\u00e1nime: <strong>\u00bfqui\u00e9n mat\u00f3 al mat\u00f3n?.<\/strong><\/p>\n<p>Sobre quien o quienes mataron al ex teniente, se cruzan varias versiones, la mayor\u00eda de estas giran en torno a vengaza, otras versiones apuntan a que su muerte se fragu\u00f3\u00a0 en los espacios policiales, que tienen v\u00ednculos con sus andanzas.<\/p>\n<p>Hay quienes se\u00f1alan que su muerte est\u00e1 ligada a presuntos cobro de deudas, originadas en los juegos de gallos, de los cuales, La Soga, era un asiduo apostador.<\/p>\n<p><strong>Una historia de terror e impunidad.<\/strong><\/p>\n<p><img loading=\"lazy\" class=\"alignright wp-image-9827 size-full\" src=\"http:\/\/hormigaradio.com\/wp-content\/uploads\/2020\/06\/caso-Jeison-.jpg\" alt=\"\" width=\"715\" height=\"400\" srcset=\"https:\/\/hormigaradio.com\/wp-content\/uploads\/2020\/06\/caso-Jeison-.jpg 715w, https:\/\/hormigaradio.com\/wp-content\/uploads\/2020\/06\/caso-Jeison--300x168.jpg 300w\" sizes=\"(max-width: 715px) 100vw, 715px\" \/><\/p>\n<p>Acribillar a un joven mientras este rogaba de rodillas que no le dispararan, delante de una madre que imploraba por la vida de su v\u00e1stago, son de las m\u00faltiples historias alrededor de Fernando de los Santos, identificado como La Soga.<\/p>\n<p>Recoger a estos presuntos delincuentes ejecutados como trofeos para trasladarlos en un veh\u00edculo, son otros detalles del prontuario del agente policial que inspir\u00f3 una producci\u00f3n del cine dominicano, \u201cLa Soga\u201d, una pel\u00edcula, protagonizada por Manny P\u00e9rez, en la cual se pone de relieve su accionar extraoficial, muy conocido en los entramados del poder pol\u00edtico.<\/p>\n<p><strong>Unas 30 ejecuciones extrajudiciales en su cuenta.<\/strong><\/p>\n<p>Al teniente Fernando de los Santos (La Soga), se atribuyen m\u00e1s de 30 ejecuciones extraoficiales, no obstante, el agente en su 19 a\u00f1os en la Polic\u00eda, solo era procesado por un caso, ocurrido en septiembre del 2011.<\/p>\n<p>El 29 de octubre del 2011, Jos\u00e9 Armando Polanco G\u00f3mez, anunci\u00f3 que el agente hab\u00eda desertado de la instituci\u00f3n y lo llam\u00f3 a entregarse, pero, esto nunca ocurri\u00f3 y pasaron siete a\u00f1os, sin que las autoridades encontraran al ex teniente, que hac\u00eda vida normal en su comunidad natal de Gurabo, donde ten\u00eda un negocio.<\/p>\n<p>\u201cLa Soga lo va a pagar con el precio de la libertad o con otra cosa. Pero por lo menos vamos a empezar con la libertad, arrastr\u00e1ndolo. Si me llama yo le voy a decir \u00bfqu\u00e9 hora es? Cinco horas para que usted se entregue\u201d, este mensaje fue atribuido al jefe de la Polic\u00eda, el mayor general Jos\u00e9 Armando Polanco G\u00f3mez, en octubre del 2011.<\/p>\n<p><strong>El proceso.<\/strong><\/p>\n<p><img loading=\"lazy\" class=\"alignright wp-image-9824 size-full\" src=\"http:\/\/hormigaradio.com\/wp-content\/uploads\/2020\/06\/la-soga-3.jpg\" alt=\"\" width=\"500\" height=\"334\" srcset=\"https:\/\/hormigaradio.com\/wp-content\/uploads\/2020\/06\/la-soga-3.jpg 500w, https:\/\/hormigaradio.com\/wp-content\/uploads\/2020\/06\/la-soga-3-300x200.jpg 300w\" sizes=\"(max-width: 500px) 100vw, 500px\" \/><\/p>\n<p>El ex teniente Fernando de los Santos, fue acusado de cobrar RD$ 250, 000.00, para matar a dos personas en Santiago y con este caso, empez\u00f3 a cambiar su historia.<\/p>\n<p>Seg\u00fan datos del Ministerio P\u00fablico, en 2011, Bonel de Jes\u00fas Lanfraco Castro habr\u00eda contratado a La Soga, por encargo de Joan Silverio Ure\u00f1a, para ejecutar a Elvis Sebasti\u00e1n Valerio y Luis Roberto Torres, en represalia por un supuesto \u201ctumbe\u201d de 100 mil d\u00f3lares, hecho ocurrido en septiembre 2011, ambos cuerpos fueron hallados en las aguas de la presa de Tavera\/Bao.<\/p>\n<p>La Polic\u00eda ha confirmado que De los Santos, estuvo en la instituci\u00f3n, hasta el 18 de noviembre del 2011, luego fue declarado como un desertor y se convirti\u00f3 en el ciudadano m\u00e1s buscado que meno se buscaba, tesis que avalaron sus abogados en 2017, tras su apresamiento el 02 de noviembre de ese a\u00f1o.<\/p>\n<p>Con el objeto de fortalecer su defensa, su abogado, Jos\u00e9 Francisco Hern\u00e1ndez, afirmaba que su cliente, jam\u00e1s hab\u00eda huido, el abogado agreg\u00f3 que el apresamiento de La Soga, a quien tambi\u00e9n se le atribu\u00eda la labor de limpiar las calles de la delincuencia, era una estrategia del Gobierno, para desviar la atenci\u00f3n de otros temas sociales, como la corrupci\u00f3n en ese momento.<\/p>\n<p>Hubo momento en que el solo hecho de mencionar el mote de La Soga, era invocar el terror en las calles.<\/p>\n<p>Ante todo este panorama y denuncias de familiares que exigen aclarar la muerte de sus parientes, La Soga, segu\u00eda en las calles, como jefe del llamado Escuadr\u00f3n de la Muerte\u201d, de la Polic\u00eda Nacional, a La Soga, tambi\u00e9n se le atribu\u00eda cobrar cuentas a terceros, por encargo.<\/p>\n<p>En este grupo de presuntos matones de de la Polic\u00eda, estuvo tambi\u00e9n el sargento Ram\u00f3n Dar\u00edo Cabrera (Cabrerita), asesinado hace m\u00e1s de una d\u00e9cada.<\/p>\n<p><strong>La verdad anunciada por La Soga y que a\u00fan no ha salido a flote.<\/strong><\/p>\n<p><img loading=\"lazy\" class=\"alignright size-medium wp-image-9825\" src=\"http:\/\/hormigaradio.com\/wp-content\/uploads\/2020\/06\/la-soga-muere-300x200.jpg\" alt=\"\" width=\"300\" height=\"200\" srcset=\"https:\/\/hormigaradio.com\/wp-content\/uploads\/2020\/06\/la-soga-muere-300x200.jpg 300w, https:\/\/hormigaradio.com\/wp-content\/uploads\/2020\/06\/la-soga-muere.jpg 500w\" sizes=\"(max-width: 300px) 100vw, 300px\" \/><\/p>\n<p>En 2011, tras la denuncia de la Polic\u00eda, el ex teniente Fernando de los Santos, hizo p\u00fablica una carta con fecha del 28 de octubre del 2011, en la cual explicaba que no se entregar\u00eda porque hab\u00edan planes de matarlo o de llevarlo a prisi\u00f3n por 30 a\u00f1os.<\/p>\n<p>En una carta manuscrita, dejada al periodista Esteban Rosario y al productor de programas Jos\u00e9 Guti\u00e9rrez, para que estos a su vez la entreguen a los medios, La Soga, explic\u00f3 que la Fiscal\u00eda de Santiago, armaba una presunta trama para condenarlo por cr\u00edmenes que no hab\u00eda cometido.<br \/>\nEn la carta hab\u00eda un mensaje al general Polanco G\u00f3mez, en el cual le dec\u00eda que \u00e9l (el general) sab\u00eda, sus hechos (los hecho de La Soga) eran por el bien de pa\u00eds.<\/p>\n<p>Tambi\u00e9n dijo que hab\u00eda una verdad que saldr\u00eda flote, pero, esto no ha ocurrido.<\/p>\n<p><strong>El mensaje.<\/strong><\/p>\n<p>En noviembre del 2017, en medio del proceso de la coerci\u00f3n el ex agente policial, dijo se declar\u00f3 inocente y dijo que estaba en disposici\u00f3n de aportar al pa\u00eds 15 a\u00f1os m\u00e1s y dej\u00f3 un menaje a sus familiares, parientes y amigos.<\/p>\n<p><em>\u201cA mi familia y a los que me siguen, que no se preocupen, que yo estar\u00e9 con ellos otra vez\u201d.<\/em><\/p>\n<p><iframe loading=\"lazy\" title=\"La Polic\u00eda dive estudias evidencias sobre asesinato La Soga\" src=\"https:\/\/www.youtube.com\/embed\/x9cgEYFfVH4?feature=oembed\" width=\"640\" height=\"360\" frameborder=\"0\" allowfullscreen=\"allowfullscreen\" data-mce-fragment=\"1\"><\/iframe><\/p>\n<div><\/div>\n<\/div>\n<\/article>\n<div class=\"col-md-8\"><\/div>\n<p>Impactos: 178<\/p>","protected":false},"excerpt":{"rendered":"<p>M\u00e1ximo Laureano &nbsp; SANTIAGO DE LOS CABALLEROS, Rep\u00fablica Dominicana.-La posposici\u00f3n de los procesos judiciales, tras los efectos de la pandemia del coronavirus, habr\u00eda retrasado,<\/p>\n","protected":false},"author":3,"featured_media":9818,"comment_status":"closed","ping_status":"closed","sticky":false,"template":"","format":"standard","meta":[],"categories":[9],"tags":[],"_links":{"self":[{"href":"https:\/\/hormigaradio.com\/index.php?rest_route=\/wp\/v2\/posts\/9817"}],"collection":[{"href":"https:\/\/hormigaradio.com\/index.php?rest_route=\/wp\/v2\/posts"}],"about":[{"href":"https:\/\/hormigaradio.com\/index.php?rest_route=\/wp\/v2\/types\/post"}],"author":[{"embeddable":true,"href":"https:\/\/hormigaradio.com\/index.php?rest_route=\/wp\/v2\/users\/3"}],"replies":[{"embeddable":true,"href":"https:\/\/hormigaradio.com\/index.php?rest_route=%2Fwp%2Fv2%2Fcomments&post=9817"}],"version-history":[{"count":7,"href":"https:\/\/hormigaradio.com\/index.php?rest_route=\/wp\/v2\/posts\/9817\/revisions"}],"predecessor-version":[{"id":9830,"href":"https:\/\/hormigaradio.com\/index.php?rest_route=\/wp\/v2\/posts\/9817\/revisions\/9830"}],"wp:featuredmedia":[{"embeddable":true,"href":"https:\/\/hormigaradio.com\/index.php?rest_route=\/wp\/v2\/media\/9818"}],"wp:attachment":[{"href":"https:\/\/hormigaradio.com\/index.php?rest_route=%2Fwp%2Fv2%2Fmedia&parent=9817"}],"wp:term":[{"taxonomy":"category","embeddable":true,"href":"https:\/\/hormigaradio.com\/index.php?rest_route=%2Fwp%2Fv2%2Fcategories&post=9817"},{"taxonomy":"post_tag","embeddable":true,"href":"https:\/\/hormigaradio.com\/index.php?rest_route=%2Fwp%2Fv2%2Ftags&post=9817"}],"curies":[{"name":"wp","href":"https:\/\/api.w.org\/{rel}","templated":true}]}}