{"id":9837,"date":"2020-06-05T00:23:13","date_gmt":"2020-06-05T00:23:13","guid":{"rendered":"http:\/\/hormigaradio.com\/?p=9837"},"modified":"2020-06-05T01:06:20","modified_gmt":"2020-06-05T01:06:20","slug":"repensar-redefinir-empleos-y-no-sustituir-calor-humano-proponen-panelistas-conversatorio-capex","status":"publish","type":"post","link":"https:\/\/hormigaradio.com\/?p=9837","title":{"rendered":"REPENSAR, REDEFINIR, EMPLEOS Y NO SUSTITUIR CALOR HUMANO PROPONEN PANELISTAS CONVERSATORIO CAPEX"},"content":{"rendered":"<p><a href=\"https:\/\/acento.com.do\/author\/mlaureano\/\">M\u00e1ximo Laureano<\/a><\/p>\n<p>SANTIAGO, Rep\u00fablica Dominicana.- Profesionales de econom\u00eda, educaci\u00f3n y tecnolog\u00eda, analizaron en prospectiva la situaci\u00f3n de la sociedad dominicana y los restos a encarar, tras la pandemia del coronavirus en un conversatorio organizado por ejecutivos del Capex, centro de capacitaci\u00f3n de la Corporaci\u00f3n de Zona Franca de Santiago, instituci\u00f3n que promueve el crecimiento, desarrollo social y la sostenibilidad empresarial.<\/p>\n<p>Motivados por el tema, \u201cProspectiva 2020: Trascendiendo el cambio con visi\u00f3n sostenible\u201d, los panelistas abordaron temas que tienen que ver con las estrategias asumidas, por las empresas e instituciones que representan, de cara a la situaci\u00f3n del coronavirus, as\u00ed como plantear propuestas desde sus \u00e1reas para ayudar a la sostenibilidad.<\/p>\n<p><img loading=\"lazy\" class=\"aligncenter wp-image-9838 size-large\" src=\"http:\/\/hormigaradio.com\/wp-content\/uploads\/2020\/06\/Simposio-3-1024x576.jpg\" alt=\"\" width=\"715\" height=\"402\" srcset=\"https:\/\/hormigaradio.com\/wp-content\/uploads\/2020\/06\/Simposio-3-1024x576.jpg 1024w, https:\/\/hormigaradio.com\/wp-content\/uploads\/2020\/06\/Simposio-3-300x169.jpg 300w, https:\/\/hormigaradio.com\/wp-content\/uploads\/2020\/06\/Simposio-3-768x432.jpg 768w, https:\/\/hormigaradio.com\/wp-content\/uploads\/2020\/06\/Simposio-3.jpg 1280w\" sizes=\"(max-width: 715px) 100vw, 715px\" \/><\/p>\n<p>Cada aniversario, Capex celebra un simposio que ha servido de referencia en temas trascendentes. Esta vez con la novedad de realizar el evento a distancia, por los efectos que ha desencadenado la pandemia, lo cual tambi\u00e9n se convierte en un aspecto de an\u00e1lisis y discusi\u00f3n.<\/p>\n<p>En su noveno a\u00f1o, se aproxim\u00f3 a una visi\u00f3n sostenible frente a los cambios, contando con la participaci\u00f3n de acreditados especialistas, por iniciativa de su presidente, Miguel A. Lama.<\/p>\n<p>Previo al intercambio entre los panelistas, Cayra Bencosme, directora ejecutiva de Capex, inform\u00f3 que el tema est\u00e1 alineado a la realidad que comparten millones de personas.<\/p>\n<p>Ministro Econom\u00eda afirma su preocupaci\u00f3n es creaci\u00f3n de empleos tras pandemia<\/p>\n<p>Juan Ariel Jim\u00e9nez N\u00fa\u00f1ez, ministro de Econom\u00eda Planificaci\u00f3n y Desarrollo, afirm\u00f3 que tras la pandemia del coronavirus, que ha afectado a miles de persona en la Rep\u00fablica Dominicana, su mayor preocupaci\u00f3n es la creaci\u00f3n de empleos.<\/p>\n<p>Al participar como panelista en el conversatorio del Capex, el funcionario respondi\u00f3 que entre las cosas que le quitan el sue\u00f1o como servidor del Estado, est\u00e1 la preocupaci\u00f3n de que va a pasar con la creaci\u00f3n de empleos y sobre todo con la gente que tiene problema para la movilidad.<\/p>\n<p>\u201cEs mi mayor preocupaci\u00f3n\u201d, ha dicho el funcionario, agrega que desde el Ministerio que representa, se trabaja para desarrollar la metodolog\u00eda, para que cada grupo apoye las iniciativas desde su sector con tendencia a mejorar la condici\u00f3n de vida de cada persona, tras los afectos de la pandemia del coronavirus. En cuanto a los que tiene que ver la visi\u00f3n sostenible, el ministro dijo que desde sus espacios ha propiciado una visi\u00f3n por lo verde, el uso de meno materiales proclives a la contaminaci\u00f3n, como la impresi\u00f3n.<\/p>\n<p>\u201cNo hemos despedidos personal, hemos contratado\u201d<\/p>\n<p>En el conversatorio tambi\u00e9n fue protagonista Ana Figueiredo, CEO de Altice Dominicana, quien valor\u00f3 que desde la plataforma de comunicaci\u00f3n que representa y sobre todo como empresa, se enfocaron en tres pilares, que son primero proteger a los empleados, al punto que en medio de la pandemia, no han tenido que despedir personal, dijo que al contrario, han contratado personal, tambi\u00e9n destaca la protecci\u00f3n con relaci\u00f3n a la salud.<\/p>\n<p>Como segundo enfoque plante\u00f3 que para la empresa era, es y ser\u00e1 prioridad continuar las operaciones operaciones, porque, por tratarse una situaci\u00f3n en la cual es vital mantener la distancia f\u00edsica la comunicaci\u00f3n, viene a ser como un producto de primera necesidad.<\/p>\n<p>En tercer lugar la ejecutiva de Altice, destaca que han puesto atenci\u00f3n especial en la protecci\u00f3n de los clientes, tanto de manera directa como con los que asisten a las oficinas, dice que ha sido parte importante, animar la protecci\u00f3n se que puede transmitir por medio de la plataforma de la comunicaci\u00f3n.<\/p>\n<p>\u201cHay todo un ajuste para los consumidores no presenciales, pagos sin contactos, aprovechar crisis para redefinir\u201d, ha dicho la Ana Figueiredo, quien destaca como valor empresarial, tomar el cuenta la equidad de g\u00e9nero en sus oficinas, agreg\u00f3 que el 40 % del personal son mujeres.<\/p>\n<p>\u201cAltice se mantiene unidos, entretenimiento en casa, para ayudar a Rep\u00fablica Dominicana a salir adelante, he tiempo de repensar, porque si el pa\u00eds es exitoso, Altice tambi\u00e9n, ha dicho la ejecutiva, quien sobre todas las cosas apuesta a que tras esta crisis se pueda resurgir con mucha fortaleza.<\/p>\n<p>\u201cHa sido un momento entretenido, hemos respondido de la mejor manera.<\/p>\n<p>\u201cProactividad, resiliencia, comunicaci\u00f3n es un frente esencial\u201d, predica, Rolando Guzm\u00e1n, rector del Instituto Tecnol\u00f3gico de Santo Domingo.<\/p>\n<p>Tambi\u00e9n planteado que en esta etapa de la crisis por la pandemia del coronaviris, la educaci\u00f3n ha sido un reto, no solo por los aspectos y alcance tecnol\u00f3gico, sino, por los contenidos que se imparten.<\/p>\n<p>Para Guzm\u00e1n la universidad es un ente de superaci\u00f3n de la crisis, por las situaciones que se han presentado y como se ha podido responder de manera positiva.<\/p>\n<p>\u201cHa sido un momento entretenido, hemos respondido de la mejor manera. Ha sido para m\u00ed de mucho aprendizaje\u201d, agrega Guzm\u00e1n, quien a la vez advierte que independientemente de que a distancia se haya podido avanzar y superar la crisis, es necesario mantener el roce el calor humano.<\/p>\n<p>\u201cCombinar los m\u00e9todos, cercan\u00eda, con los m\u00e9todos no presenciales, pero espero que no se sustituya el roce humano\u201d, planea el rector del Intec, en el conversatorio, que se desarroll\u00f3, en medio de un ambiente informal, a trav\u00e9s de Zoom, con la coordinaci\u00f3n del Capex y Corporaci\u00f3n Zona Franca, con la moderaci\u00f3n de Ra\u00fal B\u00e1ez.<\/p>\n<p>Un enfoque muy importante del catedr\u00e1tico, es que la universidad que representa, est\u00e1 siempre abierta a propiciar programa que ayuden a que los estudiantes de menos recursos a tener acceso a los nuevos m\u00e9todos de las tecnolog\u00edas, que le permiten el crecimiento humano y el aprendizaje.<\/p>\n<p>En relaci\u00f3n a la sostenibilidad ambiental, ha dicho que con estos aspectos se debe ser coherente, en la pr\u00e9dica y la pr\u00e1ctica.<\/p>\n<p>&nbsp;<\/p>\n<p>Impactos: 157<\/p>","protected":false},"excerpt":{"rendered":"<p>M\u00e1ximo Laureano SANTIAGO, Rep\u00fablica Dominicana.- Profesionales de econom\u00eda, educaci\u00f3n y tecnolog\u00eda, analizaron en prospectiva la situaci\u00f3n de la sociedad dominicana y los restos a<\/p>\n","protected":false},"author":3,"featured_media":9838,"comment_status":"closed","ping_status":"closed","sticky":false,"template":"","format":"standard","meta":[],"categories":[3],"tags":[],"_links":{"self":[{"href":"https:\/\/hormigaradio.com\/index.php?rest_route=\/wp\/v2\/posts\/9837"}],"collection":[{"href":"https:\/\/hormigaradio.com\/index.php?rest_route=\/wp\/v2\/posts"}],"about":[{"href":"https:\/\/hormigaradio.com\/index.php?rest_route=\/wp\/v2\/types\/post"}],"author":[{"embeddable":true,"href":"https:\/\/hormigaradio.com\/index.php?rest_route=\/wp\/v2\/users\/3"}],"replies":[{"embeddable":true,"href":"https:\/\/hormigaradio.com\/index.php?rest_route=%2Fwp%2Fv2%2Fcomments&post=9837"}],"version-history":[{"count":2,"href":"https:\/\/hormigaradio.com\/index.php?rest_route=\/wp\/v2\/posts\/9837\/revisions"}],"predecessor-version":[{"id":9840,"href":"https:\/\/hormigaradio.com\/index.php?rest_route=\/wp\/v2\/posts\/9837\/revisions\/9840"}],"wp:featuredmedia":[{"embeddable":true,"href":"https:\/\/hormigaradio.com\/index.php?rest_route=\/wp\/v2\/media\/9838"}],"wp:attachment":[{"href":"https:\/\/hormigaradio.com\/index.php?rest_route=%2Fwp%2Fv2%2Fmedia&parent=9837"}],"wp:term":[{"taxonomy":"category","embeddable":true,"href":"https:\/\/hormigaradio.com\/index.php?rest_route=%2Fwp%2Fv2%2Fcategories&post=9837"},{"taxonomy":"post_tag","embeddable":true,"href":"https:\/\/hormigaradio.com\/index.php?rest_route=%2Fwp%2Fv2%2Ftags&post=9837"}],"curies":[{"name":"wp","href":"https:\/\/api.w.org\/{rel}","templated":true}]}}