{"id":9872,"date":"2020-06-09T17:15:58","date_gmt":"2020-06-09T17:15:58","guid":{"rendered":"http:\/\/hormigaradio.com\/?p=9872"},"modified":"2020-06-09T17:21:36","modified_gmt":"2020-06-09T17:21:36","slug":"fallecio-pau-dones-el-cantante-que-pidio-un-beso-a-la-flaca-y-conquisto-al-publico","status":"publish","type":"post","link":"https:\/\/hormigaradio.com\/?p=9872","title":{"rendered":"FALLECI\u00d3 PAU DON\u00c9S: EL CANTANTE QUE PIDI\u00d3 UN BESO A \u00abLA FLACA\u00bb Y CONQUIST\u00d3 AL P\u00daBLICO"},"content":{"rendered":"<p><a href=\"https:\/\/acento.com.do\/author\/servicios\/\">Servicios de Acento.com.do<\/a><\/p>\n<figure style=\"width: 500px\" class=\"wp-caption alignleft\"><img loading=\"lazy\" class=\"attachment-full wp-post-image\" src=\"https:\/\/acento.com.do\/wp-content\/uploads\/i0000r41tzw3f9sijpg.jpg\" sizes=\"(max-width: 500px) 100vw, 500px\" srcset=\"https:\/\/acento.com.do\/wp-content\/uploads\/i0000r41tzw3f9sijpg.jpg 500w, https:\/\/acento.com.do\/wp-content\/uploads\/i0000r41tzw3f9sijpg-250x166.jpg 250w, https:\/\/acento.com.do\/wp-content\/uploads\/i0000r41tzw3f9sijpg-120x79.jpg 120w, https:\/\/acento.com.do\/wp-content\/uploads\/i0000r41tzw3f9sijpg-12x8.jpg 12w\" alt=\"\" width=\"500\" height=\"333\" \/><figcaption class=\"wp-caption-text\"><em><strong>Pau Don\u00e9s.<\/strong><\/em><\/figcaption><\/figure>\n<p>Barcelona (Espa\u00f1a), 9 jun (EFE\/Rosa D\u00edaz).- Un tipo normal que no buscaba la popularidad, pero que la encontr\u00f3 y la disfrut\u00f3: as\u00ed se defin\u00eda a s\u00ed mismo Pau Don\u00e9s, l\u00edder de Jarabe de Palo y autor de la celebrad\u00edsima \u00abLa Flaca\u00bb, en el libro que escribi\u00f3 tras saber que ten\u00eda c\u00e1ncer y en el que se revela como un hombre cercano y un artista exigente.<\/p>\n<p>Sin pelos en la lengua y dispuesto a enfrentarse a los problemas de frente, Don\u00e9s, que falleci\u00f3 este martes a los 53 a\u00f1os, nunca escondi\u00f3 la enfermedad que finalmente se lo ha llevado, sino que, al contrario, habl\u00f3 de ella sin tapujos y ayud\u00f3 a mucha gente a sacarse de encima la losa del estigma que todav\u00eda va asociado al c\u00e1ncer.<\/p>\n<p>\u00c9se fue uno de los grandes aciertos de su vida; otro fue sin duda componer \u00abLa Flaca\u00bb, la canci\u00f3n que \u00abexplot\u00f3 en las radios\u00bb, como \u00e9l dec\u00eda, en 1996.<\/p>\n<p>\u00abLa Flaca\u00bb es el nombre del primer disco de Jarabe de Palo y del tema que Pau Don\u00e9s compuso en Cuba inspirado por una \u00abtremend\u00edsima mulata\u00bb y que se convirti\u00f3 en la canci\u00f3n del verano.<\/p>\n<p>Este corte con ritmos latinos y guitarra rockera le catapult\u00f3 a la fama, pero Pau Don\u00e9s nunca quiso vivir en Miami ni tener un yate de lujo, sino que construy\u00f3 una carrera coherente desde su Catalu\u00f1a natal y la mas\u00eda que compr\u00f3 en el pueblo de su padre, Montanuy (Huesca).<\/p>\n<p>\u00abLa Flaca\u00bb no fue su \u00fanico \u00e9xito, tambi\u00e9n fueron muy bien recibidas \u00abEl lado oscuro\u00bb, \u00abAgua\u00bb, \u00abDepende, \u00abGrita\u00bb y \u00abBonito\u00bb, por mencionar s\u00f3lo unas cuantas canciones que desbordan los l\u00edmites del rock latino.<\/p>\n<p>El propio m\u00fasico prefer\u00eda definir Jarabe de Palo como una banda de \u00abm\u00fasica mestiza\u00bb porque, adem\u00e1s de lo latino, su m\u00fasica tiene toques brasile\u00f1os, africanos, flamencos y anglosajones.<\/p>\n<p>Pau Don\u00e9s fue un ni\u00f1o disl\u00e9xico, gamberro -fue expulsado de media docena de colegios- y razonablemente feliz, que encontr\u00f3 en la m\u00fasica una terapia para su hiperactividad, seg\u00fan contaba en su libro.<\/p>\n<p>De hecho, la m\u00fasica es la mejor medicina para los palos que te da la vida, se\u00f1al\u00f3 en varias entrevistas, de ah\u00ed el nombre del grupo: Jarabe de Palo.<\/p>\n<p>Tras la hiperactividad y la dislexia, lleg\u00f3 un palo mucho mayor: la muerte de su madre cuando \u00e9l ten\u00eda 16 a\u00f1os y, en ese trance, la guitarra el\u00e9ctrica que su propia madre le hab\u00eda regalado poco antes fue su mejor compa\u00f1era.<\/p>\n<p>Con su hermano Marc Don\u00e9s mont\u00f3 sus primeras bandas: Jay &amp; Company Band y Dentaduras Postizas, mientras combinaba su afici\u00f3n a la m\u00fasica con sus estudios de Econ\u00f3micas y su trabajo en una agencia de publicidad.<\/p>\n<p>El \u00e9xito de \u00abLa Flaca\u00bb le permiti\u00f3 dedicarse a la m\u00fasica, ganar el Premio Ondas, ser nominado varias veces a los Grammy y colaborar con artistas como Antonio Vega, Celia Cruz y los miembros de La Vieja Trova Santiaguera.<\/p>\n<p>En 2011 present\u00f3 un disco titulado \u00ab\u00bfY ahora que hacemos?\u00bb, con colaboraciones de artistas de la talla de Alejandro Sanz, Antonio Orozco, Joaqu\u00edn Sabina y Carlos Tarque.<\/p>\n<p>Don\u00e9s reconoc\u00eda en su libro que una de las mejores cosas de ser m\u00fasico es la gente que conoces, y que cuanto m\u00e1s alto vuelas m\u00e1s posibilidades tienes de codearte con artistas que admiras, pero la mayor parte de las p\u00e1ginas de \u00ab50 palos\u2026y sigo so\u00f1ando\u00bb est\u00e1n dedicadas a sus amigos, su hija, las mujeres a las que am\u00f3 y a su p\u00fablico.<\/p>\n<p>Como dec\u00eda en el libro, cuando supo que estaba enfermo se plante\u00f3 \u00abcolgar los guantes\u00bb y se pregunt\u00f3 \u00absi dedicar el tiempo que me queda a m\u00ed o a la m\u00fasica\u00bb.<\/p>\n<p>\u00abHe decidido que la mayor parte de mi tiempo os la dedicar\u00e9 a vosotros, porque os lo merec\u00e9is mucho m\u00e1s que yo. Os quiero, y os quiero dar las gracias por haberme dado la oportunidad de ser lo que soy y deciros que el tiempo que hemos compartido ha valido much\u00edsimo la pena\u00bb, confesaba Don\u00e9s a sus allegados y seguidores.<\/p>\n<p>Detr\u00e1s de esa generosidad hacia los amantes de su m\u00fasica est\u00e1 ese tema que cant\u00f3 desde el balc\u00f3n de su casa a los que estaban confinados al principio de la pandemia en marzo, \u00abLos \u00e1ngeles visten de blanco\u00bb, o ese \u00faltimo videoclip del tema \u00abEso que t\u00fa me das\u00bb, que forma parte de su pr\u00f3ximo \u00e1lbum, en el que cant\u00f3 sentado, visiblemente m\u00e1s delgado, mientras los dem\u00e1s bailaban, incluida su hija Sara.<\/p>\n<p>\u00abPor todo lo que recib\u00ed, estar aqu\u00ed vale la pena. Gracias a ti segu\u00ed remando contra la marea. Por todo lo que recib\u00ed, ahora s\u00e9 que no estoy solo. Ahora te tengo a ti, amigo m\u00edo, mi tesoro. As\u00ed que gracias por estar, por tu amistad y tu compa\u00f1\u00eda. Eres lo mejor que me ha dado la vida\u00bb, un fragmento de este \u00faltimo tema, vitalista como siempre, testamento musical y un regalo a su hija Sara, con la que ha convivido intensamente en los \u00faltimos tiempos. EFE<\/p>\n<p>Impactos: 92<\/p>","protected":false},"excerpt":{"rendered":"<p>Servicios de Acento.com.do Barcelona (Espa\u00f1a), 9 jun (EFE\/Rosa D\u00edaz).- Un tipo normal que no buscaba la popularidad, pero que la encontr\u00f3 y la disfrut\u00f3:<\/p>\n","protected":false},"author":3,"featured_media":9874,"comment_status":"closed","ping_status":"closed","sticky":false,"template":"","format":"standard","meta":[],"categories":[3],"tags":[],"_links":{"self":[{"href":"https:\/\/hormigaradio.com\/index.php?rest_route=\/wp\/v2\/posts\/9872"}],"collection":[{"href":"https:\/\/hormigaradio.com\/index.php?rest_route=\/wp\/v2\/posts"}],"about":[{"href":"https:\/\/hormigaradio.com\/index.php?rest_route=\/wp\/v2\/types\/post"}],"author":[{"embeddable":true,"href":"https:\/\/hormigaradio.com\/index.php?rest_route=\/wp\/v2\/users\/3"}],"replies":[{"embeddable":true,"href":"https:\/\/hormigaradio.com\/index.php?rest_route=%2Fwp%2Fv2%2Fcomments&post=9872"}],"version-history":[{"count":2,"href":"https:\/\/hormigaradio.com\/index.php?rest_route=\/wp\/v2\/posts\/9872\/revisions"}],"predecessor-version":[{"id":9875,"href":"https:\/\/hormigaradio.com\/index.php?rest_route=\/wp\/v2\/posts\/9872\/revisions\/9875"}],"wp:featuredmedia":[{"embeddable":true,"href":"https:\/\/hormigaradio.com\/index.php?rest_route=\/wp\/v2\/media\/9874"}],"wp:attachment":[{"href":"https:\/\/hormigaradio.com\/index.php?rest_route=%2Fwp%2Fv2%2Fmedia&parent=9872"}],"wp:term":[{"taxonomy":"category","embeddable":true,"href":"https:\/\/hormigaradio.com\/index.php?rest_route=%2Fwp%2Fv2%2Fcategories&post=9872"},{"taxonomy":"post_tag","embeddable":true,"href":"https:\/\/hormigaradio.com\/index.php?rest_route=%2Fwp%2Fv2%2Ftags&post=9872"}],"curies":[{"name":"wp","href":"https:\/\/api.w.org\/{rel}","templated":true}]}}