{"id":9880,"date":"2020-06-10T17:50:05","date_gmt":"2020-06-10T17:50:05","guid":{"rendered":"http:\/\/hormigaradio.com\/?p=9880"},"modified":"2020-06-10T17:51:48","modified_gmt":"2020-06-10T17:51:48","slug":"9880","status":"publish","type":"post","link":"https:\/\/hormigaradio.com\/?p=9880","title":{"rendered":"AFECTADOS INUNDACI\u00d3N SANTIAGO OESTE, ENTRE AYUDAS, PROMESAS, POPULISMO Y LA CAMPA\u00d1A ELECTORAL (+fotos)"},"content":{"rendered":"<div class=\"container\">\n<div class=\"row\">\n<div class=\"entry-content col-md-11 \">\n<p><a href=\"https:\/\/acento.com.do\/author\/mlaureano\/\">M\u00e1ximo Laureano<\/a><\/p>\n<p>SANTIAGO DE LOS CABALLEROS, Rep\u00fablica Dominicana.- A mucha\u00a0gente de los barrios Mella I, Los Rieles\u00a0del Ingenio, Villa Rosa, Semillero de II y otros asentamientos informales del distrito municipal Santiago Oeste, le ha cambiado la vida a partir de la madrugada del martes 2\u00a0de junio del 2020.<\/p>\n<p>La falla\u00a0en las paredes del tanque de almacenamiento del acueducto de la zona, provoc\u00f3 un escape de agua que\u00a0inund\u00f3\u00a0cientos de viviendas, algunas personas resultaron lesionadas.<\/p>\n<p>Las autoridades estiman que al menos 300 familias fueron afectadas, pero algunas voces han advertido que el n\u00famero podr\u00eda ser\u00a0exagerado por asuntos pol\u00edticos de la campa\u00f1a electoral.<\/p>\n<p>Una semana despu\u00e9s de lo ocurrido,\u00a0las familias recuperan el ritmo del d\u00eda a d\u00eda, sobre todo aquellos, cuyas casas no fueron destruidas y quienes han recibido las ayudas del Gobierno, para tener los enseres\u00a0b\u00e1sicos en\u00a0 sus viviendas.<\/p>\n<p>Pero, como en todo escenario donde hay que asistir a las personas hay quejas de muchos de los afectados, que alegan que han sido dejados fuera del listado oficial de las ayudas.<\/p>\n<p>Mientras tanto, all\u00ed la gente hace su vida\u00a0entre las ayudas, promesas, populismo y la \u00a0campa\u00f1a electoral, de los candidatos del Gobierno y de la oposici\u00f3n que tambi\u00e9n se han dejado ver en el lugar.<\/p>\n<p>Tambi\u00e9n algunas voces\u00a0han reclamado que se una explicaci\u00f3n detallada de lo que ocurri\u00f3 en el tanque, donde se produjo la aver\u00eda, justo luego que se iniciara un proceso de\u00a0conexi\u00f3n de nuevas redes de distribuci\u00f3n en el sistema de agua potable.<\/p>\n<\/div>\n<\/div>\n<\/div>\n<div class=\"container images-repeater\">\n<div class=\"row\">\n<div class=\"caption col-lg-3 col-md-5 col-12\">\n<h5>Barrios Santiago Oeste, tras inundaci\u00f3n 2 &#8211; copia<\/h5>\n<\/div>\n<div class=\"col-lg-9 col-md-7 col-12\"><img src=\"https:\/\/acento.com.do\/wp-content\/uploads\/Barrios-Santiago-Oeste-tras-inundaci%C3%B3n-2-copia.jpg\" alt=\"\" \/><\/div>\n<\/div>\n<div class=\"row\">\n<div class=\"caption col-lg-3 col-md-5 col-12\">\n<h5>Barrios Santiago Oeste, tras inundaci\u00f3n 3<\/h5>\n<\/div>\n<div class=\"col-lg-9 col-md-7 col-12\"><img src=\"https:\/\/acento.com.do\/wp-content\/uploads\/Barrios-Santiago-Oeste-tras-inundaci%C3%B3n-3.jpg\" alt=\"\" \/><\/div>\n<\/div>\n<div class=\"row\">\n<div class=\"caption col-lg-3 col-md-5 col-12\">\n<h5>Barrios Santiago Oeste, tras inundaci\u00f3n 4<\/h5>\n<\/div>\n<div class=\"col-lg-9 col-md-7 col-12\"><img src=\"https:\/\/acento.com.do\/wp-content\/uploads\/Barrios-Santiago-Oeste-tras-inundaci%C3%B3n-4.jpg\" alt=\"\" \/><\/div>\n<\/div>\n<div class=\"row\">\n<div class=\"caption col-lg-3 col-md-5 col-12\">\n<h5>Barrios Santiago Oeste, tras inundaci\u00f3n 5<\/h5>\n<\/div>\n<div class=\"col-lg-9 col-md-7 col-12\"><img src=\"https:\/\/acento.com.do\/wp-content\/uploads\/Barrios-Santiago-Oeste-tras-inundaci%C3%B3n-5.jpg\" alt=\"\" \/><\/div>\n<\/div>\n<div class=\"row\">\n<div class=\"caption col-lg-3 col-md-5 col-12\">\n<h5>Barrios Santiago Oeste, tras inundaci\u00f3n 6<\/h5>\n<\/div>\n<div class=\"col-lg-9 col-md-7 col-12\"><img src=\"https:\/\/acento.com.do\/wp-content\/uploads\/Barrios-Santiago-Oeste-tras-inundaci%C3%B3n-6.jpg\" alt=\"\" \/><\/div>\n<\/div>\n<div class=\"row\">\n<div class=\"caption col-lg-3 col-md-5 col-12\">\n<h5>Barrios Santiago Oeste, tras inundaci\u00f3n 7<\/h5>\n<\/div>\n<div class=\"col-lg-9 col-md-7 col-12\"><img src=\"https:\/\/acento.com.do\/wp-content\/uploads\/Barrios-Santiago-Oeste-tras-inundaci%C3%B3n-7.jpg\" alt=\"\" \/><\/div>\n<\/div>\n<div class=\"row\">\n<div class=\"caption col-lg-3 col-md-5 col-12\">\n<h5>Barrios Santiago Oeste, tras inundaci\u00f3n 8<\/h5>\n<\/div>\n<div class=\"col-lg-9 col-md-7 col-12\"><img src=\"https:\/\/acento.com.do\/wp-content\/uploads\/Barrios-Santiago-Oeste-tras-inundaci%C3%B3n-8.jpg\" alt=\"\" \/><\/div>\n<\/div>\n<div class=\"row\">\n<div class=\"caption col-lg-3 col-md-5 col-12\">\n<h5>Barrios Santiago Oeste, tras inundaci\u00f3n 9<\/h5>\n<\/div>\n<div class=\"col-lg-9 col-md-7 col-12\"><img src=\"https:\/\/acento.com.do\/wp-content\/uploads\/Barrios-Santiago-Oeste-tras-inundaci%C3%B3n-9.jpg\" alt=\"\" \/><\/div>\n<\/div>\n<div class=\"row\">\n<div class=\"caption col-lg-3 col-md-5 col-12\">\n<h5>Barrios Santiago Oeste, tras inundaci\u00f3n 10<\/h5>\n<\/div>\n<div class=\"col-lg-9 col-md-7 col-12\"><img src=\"https:\/\/acento.com.do\/wp-content\/uploads\/Barrios-Santiago-Oeste-tras-inundaci%C3%B3n-10.jpg\" alt=\"\" \/><\/div>\n<\/div>\n<div class=\"row\">\n<div class=\"caption col-lg-3 col-md-5 col-12\">\n<h5>Barrios Santiago Oeste, tras inundaci\u00f3n 11<\/h5>\n<\/div>\n<div class=\"col-lg-9 col-md-7 col-12\"><img src=\"https:\/\/acento.com.do\/wp-content\/uploads\/Barrios-Santiago-Oeste-tras-inundaci%C3%B3n-11.jpg\" alt=\"\" \/><\/div>\n<\/div>\n<div class=\"row\">\n<div class=\"caption col-lg-3 col-md-5 col-12\">\n<h5>Barrios Santiago Oeste, tras inundaci\u00f3n 12<\/h5>\n<\/div>\n<div class=\"col-lg-9 col-md-7 col-12\"><img src=\"https:\/\/acento.com.do\/wp-content\/uploads\/Barrios-Santiago-Oeste-tras-inundaci%C3%B3n-12-1.jpg\" alt=\"\" \/><\/div>\n<\/div>\n<div class=\"row\">\n<div class=\"caption col-lg-3 col-md-5 col-12\">\n<h5>Barrios Santiago Oeste, tras inundaci\u00f3n 13<\/h5>\n<\/div>\n<div class=\"col-lg-9 col-md-7 col-12\"><img src=\"https:\/\/acento.com.do\/wp-content\/uploads\/Barrios-Santiago-Oeste-tras-inundaci%C3%B3n-13.jpg\" alt=\"\" \/><\/div>\n<\/div>\n<div class=\"row\">\n<div class=\"caption col-lg-3 col-md-5 col-12\">\n<h5>Barrios Santiago Oeste, tras inundaci\u00f3n 14<\/h5>\n<\/div>\n<div class=\"col-lg-9 col-md-7 col-12\"><img src=\"https:\/\/acento.com.do\/wp-content\/uploads\/Barrios-Santiago-Oeste-tras-inundaci%C3%B3n-14.jpg\" alt=\"\" \/><\/div>\n<\/div>\n<div class=\"row\">\n<div class=\"caption col-lg-3 col-md-5 col-12\">\n<h5>Barrios Santiago Oeste, tras inundaci\u00f3n 16<\/h5>\n<\/div>\n<div class=\"col-lg-9 col-md-7 col-12\"><img src=\"https:\/\/acento.com.do\/wp-content\/uploads\/Barrios-Santiago-Oeste-tras-inundaci%C3%B3n-16.jpg\" alt=\"\" \/><\/div>\n<\/div>\n<div class=\"row\">\n<div class=\"caption col-lg-3 col-md-5 col-12\">\n<h5>Barrios Santiago Oeste, tras inundaci\u00f3n 17<\/h5>\n<\/div>\n<div class=\"col-lg-9 col-md-7 col-12\"><img src=\"https:\/\/acento.com.do\/wp-content\/uploads\/Barrios-Santiago-Oeste-tras-inundaci%C3%B3n-17.jpg\" alt=\"\" \/><\/div>\n<\/div>\n<div class=\"row\">\n<div class=\"caption col-lg-3 col-md-5 col-12\">\n<h5>Barrios Santiago Oeste, tras inundaci\u00f3n 18<\/h5>\n<\/div>\n<div class=\"col-lg-9 col-md-7 col-12\"><img src=\"https:\/\/acento.com.do\/wp-content\/uploads\/Barrios-Santiago-Oeste-tras-inundaci%C3%B3n-18.jpg\" alt=\"\" \/><\/div>\n<\/div>\n<div class=\"row\">\n<div class=\"caption col-lg-3 col-md-5 col-12\">\n<h5>Barrios Santiago Oeste, tras inundaci\u00f3n<\/h5>\n<\/div>\n<div class=\"col-lg-9 col-md-7 col-12\"><img src=\"https:\/\/acento.com.do\/wp-content\/uploads\/Barrios-Santiago-Oeste-tras-inundaci%C3%B3n.jpg\" alt=\"\" \/><\/div>\n<\/div>\n<\/div>\n<p>Impactos: 115<\/p>","protected":false},"excerpt":{"rendered":"<p>M\u00e1ximo Laureano SANTIAGO DE LOS CABALLEROS, Rep\u00fablica Dominicana.- A mucha\u00a0gente de los barrios Mella I, Los Rieles\u00a0del Ingenio, Villa Rosa, Semillero de II y<\/p>\n","protected":false},"author":3,"featured_media":9881,"comment_status":"closed","ping_status":"closed","sticky":false,"template":"","format":"standard","meta":[],"categories":[9],"tags":[],"_links":{"self":[{"href":"https:\/\/hormigaradio.com\/index.php?rest_route=\/wp\/v2\/posts\/9880"}],"collection":[{"href":"https:\/\/hormigaradio.com\/index.php?rest_route=\/wp\/v2\/posts"}],"about":[{"href":"https:\/\/hormigaradio.com\/index.php?rest_route=\/wp\/v2\/types\/post"}],"author":[{"embeddable":true,"href":"https:\/\/hormigaradio.com\/index.php?rest_route=\/wp\/v2\/users\/3"}],"replies":[{"embeddable":true,"href":"https:\/\/hormigaradio.com\/index.php?rest_route=%2Fwp%2Fv2%2Fcomments&post=9880"}],"version-history":[{"count":3,"href":"https:\/\/hormigaradio.com\/index.php?rest_route=\/wp\/v2\/posts\/9880\/revisions"}],"predecessor-version":[{"id":9884,"href":"https:\/\/hormigaradio.com\/index.php?rest_route=\/wp\/v2\/posts\/9880\/revisions\/9884"}],"wp:featuredmedia":[{"embeddable":true,"href":"https:\/\/hormigaradio.com\/index.php?rest_route=\/wp\/v2\/media\/9881"}],"wp:attachment":[{"href":"https:\/\/hormigaradio.com\/index.php?rest_route=%2Fwp%2Fv2%2Fmedia&parent=9880"}],"wp:term":[{"taxonomy":"category","embeddable":true,"href":"https:\/\/hormigaradio.com\/index.php?rest_route=%2Fwp%2Fv2%2Fcategories&post=9880"},{"taxonomy":"post_tag","embeddable":true,"href":"https:\/\/hormigaradio.com\/index.php?rest_route=%2Fwp%2Fv2%2Ftags&post=9880"}],"curies":[{"name":"wp","href":"https:\/\/api.w.org\/{rel}","templated":true}]}}