{"id":9898,"date":"2020-06-11T02:14:34","date_gmt":"2020-06-11T02:14:34","guid":{"rendered":"http:\/\/hormigaradio.com\/?p=9898"},"modified":"2020-06-11T02:16:01","modified_gmt":"2020-06-11T02:16:01","slug":"candidato-presidencial-prm-luis-abinader-confirma-dio-positivo-coronavirus","status":"publish","type":"post","link":"https:\/\/hormigaradio.com\/?p=9898","title":{"rendered":"CANDIDATO PRESIDENCIAL PRM LUIS ABINADER CONFIRMA DIO POSITIVO CORONAVIRUS (V\u00eddeo)"},"content":{"rendered":"<p><a href=\"https:\/\/acento.com.do\/author\/cbatista\/\">Carolina Batista\/Acento.com.do<\/a><\/p>\n<p>SANTO DOMINGO, Rep\u00fablica Dominicana.-\u00a0El candidato presidencial del Partido Revolucionario Moderno (PRM), Luis Abinader, inform\u00f3 este mi\u00e9rcoles en la noche al pa\u00eds que al hacerse en horas de la ma\u00f1ana de hoy las pruebas que acostumbra a realizarse frecuentemente, dio positivo de COVID 19.<\/p>\n<p>Abinader explic\u00f3 que tras iniciarse en el pa\u00eds las acciones para contrarrestar los devastadores efectos de la epidemia de Coronavirus, empez\u00f3 \u00a0a realizar una Ruta Solidaria recorriendo todo el pa\u00eds llevando medicamentos, material de protecci\u00f3n de salud para personal m\u00e9dico y \u00a0ciudadanos en general, a trav\u00e9s de las iglesias cat\u00f3lica y evang\u00e9lica, hospitales y organizaciones comunitarias.<\/p>\n<p>Dijo que debido a esas actividades desarroll\u00f3 protocolos sanitarios que inclu\u00edan exhaustivas pruebas semanales, gracias a las cuales se detect\u00f3 hoy que tiene el contagio.<\/p>\n<p>Abinader dijo que ofrec\u00eda la informaci\u00f3n al pueblo porque ha sido su norma la transparencia y la claridad en todo lo relacionado con su desempe\u00f1o, como corresponde a los dirigentes pol\u00edticos.<\/p>\n<p>Precis\u00f3 que los m\u00e9dicos consultados est\u00e1n optimistas y le han asegurado una recuperaci\u00f3n r\u00e1pida, pues no es un paciente de riesgo y desde ya est\u00e1 llevando de manera estricta el tratamiento adecuado.<\/p>\n<p>Expuso que su condici\u00f3n de salud no presenta ning\u00fan s\u00edntoma adicional relevante, por lo que espera en unos pocos d\u00edas pueda superar la enfermedad que ha afectado a miles de dominicanos.<\/p>\n<p>Su campa\u00f1a presidencial continuar\u00e1 a trav\u00e9s de todos los medios, as\u00ed como la de los candidatos congresuales y que adem\u00e1s mantendr\u00e1n activa la campa\u00f1a los dirigentes del PRM y fuerzas aliadas en todo el territorio nacional y en el exterior.<\/p>\n<p><iframe loading=\"lazy\" title=\"Le hablo a los dominicanos.\" src=\"https:\/\/www.youtube.com\/embed\/pjy7Vezn_pI?feature=oembed\" width=\"640\" height=\"360\" frameborder=\"0\" allowfullscreen=\"allowfullscreen\" data-mce-fragment=\"1\"><\/iframe><\/p>\n<p>Impactos: 91<\/p>","protected":false},"excerpt":{"rendered":"<p>Carolina Batista\/Acento.com.do SANTO DOMINGO, Rep\u00fablica Dominicana.-\u00a0El candidato presidencial del Partido Revolucionario Moderno (PRM), Luis Abinader, inform\u00f3 este mi\u00e9rcoles en la noche al pa\u00eds que<\/p>\n","protected":false},"author":3,"featured_media":9812,"comment_status":"closed","ping_status":"closed","sticky":false,"template":"","format":"standard","meta":[],"categories":[6],"tags":[],"_links":{"self":[{"href":"https:\/\/hormigaradio.com\/index.php?rest_route=\/wp\/v2\/posts\/9898"}],"collection":[{"href":"https:\/\/hormigaradio.com\/index.php?rest_route=\/wp\/v2\/posts"}],"about":[{"href":"https:\/\/hormigaradio.com\/index.php?rest_route=\/wp\/v2\/types\/post"}],"author":[{"embeddable":true,"href":"https:\/\/hormigaradio.com\/index.php?rest_route=\/wp\/v2\/users\/3"}],"replies":[{"embeddable":true,"href":"https:\/\/hormigaradio.com\/index.php?rest_route=%2Fwp%2Fv2%2Fcomments&post=9898"}],"version-history":[{"count":2,"href":"https:\/\/hormigaradio.com\/index.php?rest_route=\/wp\/v2\/posts\/9898\/revisions"}],"predecessor-version":[{"id":9900,"href":"https:\/\/hormigaradio.com\/index.php?rest_route=\/wp\/v2\/posts\/9898\/revisions\/9900"}],"wp:featuredmedia":[{"embeddable":true,"href":"https:\/\/hormigaradio.com\/index.php?rest_route=\/wp\/v2\/media\/9812"}],"wp:attachment":[{"href":"https:\/\/hormigaradio.com\/index.php?rest_route=%2Fwp%2Fv2%2Fmedia&parent=9898"}],"wp:term":[{"taxonomy":"category","embeddable":true,"href":"https:\/\/hormigaradio.com\/index.php?rest_route=%2Fwp%2Fv2%2Fcategories&post=9898"},{"taxonomy":"post_tag","embeddable":true,"href":"https:\/\/hormigaradio.com\/index.php?rest_route=%2Fwp%2Fv2%2Ftags&post=9898"}],"curies":[{"name":"wp","href":"https:\/\/api.w.org\/{rel}","templated":true}]}}