{"id":9901,"date":"2020-06-11T02:54:16","date_gmt":"2020-06-11T02:54:16","guid":{"rendered":"http:\/\/hormigaradio.com\/?p=9901"},"modified":"2020-06-11T03:13:06","modified_gmt":"2020-06-11T03:13:06","slug":"gonzalo-leonel-y-margarita-expresan-solidaridad-a-luis-abinader","status":"publish","type":"post","link":"https:\/\/hormigaradio.com\/?p=9901","title":{"rendered":"GONZALO, LEONEL Y MARGARITA EXPRESAN SOLIDARIDAD A LUIS ABINADER"},"content":{"rendered":"<div>\n<div class=\"css-1dbjc4n r-my5ep6 r-qklmqi r-1adg3ll\">\n<div class=\"css-1dbjc4n\">\n<div class=\"css-1dbjc4n r-18u37iz\">\n<div class=\"css-1dbjc4n r-eqz5dr r-16y2uox r-1wbh5a2\">\n<article class=\"css-1dbjc4n r-1u4rsef r-1loqt21 r-16y2uox r-1wbh5a2 r-1ny4l3l r-1udh08x r-1j3t67a r-o7ynqc r-6416eg\" tabindex=\"0\" role=\"article\" data-focusable=\"true\" aria-labelledby=\"tweet-promoted-label conversation-level-label tweet-social-context tweet-user-name tweet-user-screen-name tweet-timestamp tweet-reply-context tweet-text tweet-rich-content-label tweet-action-buttons\">\n<div class=\"css-1dbjc4n\">\n<div class=\"css-1dbjc4n r-18u37iz r-thb0q2\" data-testid=\"tweet\">\n<div class=\"css-1dbjc4n r-1iusvr4 r-16y2uox r-1777fci r-5f2r5o r-1mi0q7o\">\n<div class=\"css-1dbjc4n\">\n<div class=\"css-1dbjc4n\">\n<div dir=\"auto\" lang=\"es\"><a href=\"https:\/\/acento.com.do\/author\/cbatista\/\">Carolina Batista\/Acento.com.do<\/a><\/div>\n<div dir=\"auto\" lang=\"es\"><\/div>\n<div dir=\"auto\" lang=\"es\">SANTO DOMINGO, Rep\u00fablica Dominicana.- Los candidatos a la Presidencia de la Rep\u00fablica, por el PLD y la Fuerza del Pueblo, Gonzalo Castillo y Leonel Fern\u00e1ndez, as\u00ed como la candidata a la vicepresidencia, Margarita Cede\u00f1o, expresaron mensajes de solidaridad hacia el candidato del PRM, Luis Abinader, quien ha sido diagnosticado positivo al Covid-19.<\/div>\n<div dir=\"auto\" lang=\"es\"><\/div>\n<div id=\"tweet-text\" class=\"css-901oao r-hkyrab r-1qd0xha r-a023e6 r-16dba41 r-ad9z0x r-bcqeeo r-bnwqim r-qvutc0\" dir=\"auto\" lang=\"es\"><span class=\"css-901oao css-16my406 r-1qd0xha r-ad9z0x r-bcqeeo r-qvutc0\">Castillo expres\u00f3: \u00abAcabo de saber que mi colega candidato, Luis Abinader<\/span><span class=\"css-901oao css-16my406 r-1qd0xha r-ad9z0x r-bcqeeo r-qvutc0\">, di\u00f3 positivo al COVID-19. Le deseo una pronta recuperaci\u00f3n y que Dios le cuide junto a su familia. Luis, cuentas con mi solidaridad y ayuda en lo que necesites. Bendiciones\u00bb.<\/span><\/div>\n<\/div>\n<div class=\"css-1dbjc4n\"><\/div>\n<\/div>\n<\/div>\n<\/div>\n<\/div>\n<\/article>\n<\/div>\n<\/div>\n<\/div>\n<\/div>\n<\/div>\n<div>\n<div class=\"css-1dbjc4n r-1adg3ll\">\n<div class=\"css-1dbjc4n\">\n<div class=\"css-1dbjc4n r-18u37iz\">\n<div class=\"css-1dbjc4n r-eqz5dr r-16y2uox r-1wbh5a2\">\n<article class=\"css-1dbjc4n r-1loqt21 r-16y2uox r-1wbh5a2 r-1ny4l3l r-1udh08x r-1j3t67a r-o7ynqc r-6416eg\" tabindex=\"0\" role=\"article\" data-focusable=\"true\">\n<div class=\"css-1dbjc4n\">\n<div class=\"css-1dbjc4n r-18u37iz r-thb0q2\" data-testid=\"tweet\">\n<div class=\"css-1dbjc4n r-1iusvr4 r-16y2uox r-1777fci r-5f2r5o r-1mi0q7o\">\n<div class=\"css-1dbjc4n\">\n<div class=\"css-1dbjc4n r-zl2h9q\">\n<div class=\"css-1dbjc4n r-1awozwy r-18u37iz r-1wtj0ep\">\n<div class=\"css-1dbjc4n r-1d09ksm r-18u37iz r-1wbh5a2\">\n<div class=\"css-1dbjc4n r-1wbh5a2 r-dnmrzs\">\n<div class=\"css-1dbjc4n r-1awozwy r-18u37iz r-1wbh5a2 r-dnmrzs r-1ny4l3l\">\n<div class=\"css-1dbjc4n r-1awozwy r-18u37iz r-dnmrzs\">\n<div class=\"css-901oao css-bfa6kz r-hkyrab r-1qd0xha r-a023e6 r-vw2c0b r-ad9z0x r-bcqeeo r-3s2u2q r-qvutc0\" dir=\"auto\"><span class=\"css-901oao css-16my406 r-1qd0xha r-ad9z0x r-bcqeeo r-qvutc0\">De su lado, Margarita Cede\u00f1o dijo \u00ab<\/span>Quiero enviarle todos mis deseos de pronta recuperaci\u00f3n a Luis Abinader\u00a0\u00a0<span class=\"css-901oao css-16my406 r-1qd0xha r-ad9z0x r-bcqeeo r-qvutc0\">y su esposa Raquel Arbaje<\/span><span class=\"css-901oao css-16my406 r-1qd0xha r-ad9z0x r-bcqeeo r-qvutc0\">, que han sido diagnosticados con Covid-19.<\/span><\/div>\n<\/div>\n<\/div>\n<\/div>\n<\/div>\n<\/div>\n<\/div>\n<\/div>\n<div class=\"css-1dbjc4n\">\n<div class=\"css-1dbjc4n r-18u37iz r-1wtj0ep r-156q2ks r-1mdbhws\" role=\"group\" aria-label=\"6 respuestas, 29 Retweets, 65 Me gusta\">\n<div class=\"css-1dbjc4n r-1iusvr4 r-18u37iz r-16y2uox r-1h0z5md\">\n<div class=\"css-18t94o4 css-1dbjc4n r-1777fci r-11cpok1 r-1ny4l3l r-bztko3 r-lrvibr\" tabindex=\"0\" role=\"button\" aria-label=\"6 Respuestas. Reply\" data-focusable=\"true\" data-testid=\"reply\">\n<div class=\"css-901oao r-1awozwy r-1re7ezh r-6koalj r-1qd0xha r-a023e6 r-16dba41 r-1h0z5md r-ad9z0x r-bcqeeo r-o7ynqc r-clp7b1 r-3s2u2q r-qvutc0\" dir=\"ltr\">\n<div class=\"css-1dbjc4n r-xoduu5\">\n<div class=\"css-1dbjc4n r-1niwhzg r-sdzlij r-1p0dtai r-xoduu5 r-1d2f490 r-xf4iuw r-u8s1d r-zchlnj r-ipm5af r-o7ynqc r-6416eg\"><\/div>\n<\/div>\n<\/div>\n<\/div>\n<\/div>\n<\/div>\n<\/div>\n<\/div>\n<\/div>\n<\/div>\n<\/article>\n<\/div>\n<\/div>\n<\/div>\n<\/div>\n<\/div>\n<div>\n<div class=\"css-1dbjc4n r-my5ep6 r-qklmqi r-1adg3ll\">\n<div class=\"css-1dbjc4n\">\n<div class=\"css-1dbjc4n r-18u37iz\">\n<div class=\"css-1dbjc4n r-eqz5dr r-16y2uox r-1wbh5a2\">\n<article class=\"css-1dbjc4n r-1loqt21 r-16y2uox r-1wbh5a2 r-1ny4l3l r-1udh08x r-1j3t67a r-o7ynqc r-6416eg\" tabindex=\"0\" role=\"article\" data-focusable=\"true\">\n<div class=\"css-1dbjc4n\">\n<div class=\"css-1dbjc4n\">\n<div class=\"css-1dbjc4n r-18u37iz r-thb0q2\">\n<div class=\"css-1dbjc4n r-18kxxzh r-d0pm55 r-5f2r5o\">\n<div class=\"css-1dbjc4n r-vrwoeq r-1p0dtai r-1d2f490 r-1jgb5lz r-u8s1d r-zchlnj r-ipm5af r-m5arl1\">\u00abEn este traj\u00edn pol\u00edtico todos estamos expuestos y yo estoy segura que para ellos es un momento dif\u00edcil, pero deben poner su salud primero. Con confianza en Dios y mucha fe, estar\u00e1n muy bien pronto. \u00a1Los tendr\u00e9 en mis oraciones! Dios les bendice\u00bb expres\u00f3 la vicepresidenta de la Rep\u00fablica.<\/div>\n<\/div>\n<\/div>\n<\/div>\n<\/div>\n<div dir=\"auto\" lang=\"es\"><\/div>\n<div dir=\"auto\" lang=\"es\"><span class=\"css-901oao css-16my406 r-1qd0xha r-ad9z0x r-bcqeeo r-qvutc0\">Mientras Leonel Fern\u00e1ndez dijo \u00abAl margen de diferencias pol\u00edticas, me permito, en nombre de La Fuerza del Pueblo y del m\u00edo propio, extender un mensaje de solidaridad, y deseos de pronta recuperaci\u00f3n al candidato presidencial por el PRM, Luis Abinader, as\u00ed como a su esposa, Raquel Arbaje.<br \/>\n<\/span><\/div>\n<div dir=\"auto\" lang=\"es\"><\/div>\n<div dir=\"auto\" lang=\"es\">El candidato presidencial del Partido Revolucionario Moderno (PRM), Luis Abinader, inform\u00f3 este mi\u00e9rcoles en la noche al pa\u00eds que al hacerse en horas de la ma\u00f1ana de hoy las pruebas que acostumbra a realizarse frecuentemente, dio positivo de COVID 19.<\/div>\n<\/article>\n<\/div>\n<\/div>\n<\/div>\n<\/div>\n<\/div>\n<p>Impactos: 131<\/p>","protected":false},"excerpt":{"rendered":"<p>Carolina Batista\/Acento.com.do SANTO DOMINGO, Rep\u00fablica Dominicana.- Los candidatos a la Presidencia de la Rep\u00fablica, por el PLD y la Fuerza del Pueblo, Gonzalo Castillo<\/p>\n","protected":false},"author":3,"featured_media":9904,"comment_status":"closed","ping_status":"closed","sticky":false,"template":"","format":"standard","meta":[],"categories":[6],"tags":[],"_links":{"self":[{"href":"https:\/\/hormigaradio.com\/index.php?rest_route=\/wp\/v2\/posts\/9901"}],"collection":[{"href":"https:\/\/hormigaradio.com\/index.php?rest_route=\/wp\/v2\/posts"}],"about":[{"href":"https:\/\/hormigaradio.com\/index.php?rest_route=\/wp\/v2\/types\/post"}],"author":[{"embeddable":true,"href":"https:\/\/hormigaradio.com\/index.php?rest_route=\/wp\/v2\/users\/3"}],"replies":[{"embeddable":true,"href":"https:\/\/hormigaradio.com\/index.php?rest_route=%2Fwp%2Fv2%2Fcomments&post=9901"}],"version-history":[{"count":3,"href":"https:\/\/hormigaradio.com\/index.php?rest_route=\/wp\/v2\/posts\/9901\/revisions"}],"predecessor-version":[{"id":9905,"href":"https:\/\/hormigaradio.com\/index.php?rest_route=\/wp\/v2\/posts\/9901\/revisions\/9905"}],"wp:featuredmedia":[{"embeddable":true,"href":"https:\/\/hormigaradio.com\/index.php?rest_route=\/wp\/v2\/media\/9904"}],"wp:attachment":[{"href":"https:\/\/hormigaradio.com\/index.php?rest_route=%2Fwp%2Fv2%2Fmedia&parent=9901"}],"wp:term":[{"taxonomy":"category","embeddable":true,"href":"https:\/\/hormigaradio.com\/index.php?rest_route=%2Fwp%2Fv2%2Fcategories&post=9901"},{"taxonomy":"post_tag","embeddable":true,"href":"https:\/\/hormigaradio.com\/index.php?rest_route=%2Fwp%2Fv2%2Ftags&post=9901"}],"curies":[{"name":"wp","href":"https:\/\/api.w.org\/{rel}","templated":true}]}}