{"id":9908,"date":"2020-06-12T04:18:48","date_gmt":"2020-06-12T04:18:48","guid":{"rendered":"http:\/\/hormigaradio.com\/?p=9908"},"modified":"2020-06-12T04:18:48","modified_gmt":"2020-06-12T04:18:48","slug":"empresas-de-santiago-rechazan-continue-estado-de-emergencia-por-covid-19","status":"publish","type":"post","link":"https:\/\/hormigaradio.com\/?p=9908","title":{"rendered":"EMPRESAS DE SANTIAGO RECHAZAN CONTIN\u00daE ESTADO DE EMERGENCIA POR COVID-19"},"content":{"rendered":"<div class=\"article-body-content\">\n<p>Por\u00a0<span class=\"text-font font-700\">SERVICIOS DE ACENTO.COM.DO<\/span><\/p>\n<\/div>\n<p><img src=\"https:\/\/acento.com.do\/media\/storage02\/uploads\/2020\/06\/Toque-de-queda-728x410.jpg\" data-desktop=\"https:\/\/acento.com.do\/media\/storage02\/uploads\/2020\/06\/Toque-de-queda-728x410.jpg\" data-mobile=\"https:\/\/acento.com.do\/media\/storage02\/uploads\/2020\/06\/Toque-de-queda-400x225.jpg\" \/><\/p>\n<div class=\"article-body-content\">\n<p>SANTIAGO DE LOS CABALLEROS, Rep\u00fablica Dominicana.- Diversas organizaciones empresariales y de desarrollo de Santiago rechazaron este jueves la extensi\u00f3n del Estado de Emergencia, para la contenci\u00f3n de la COVID-19 en el pa\u00eds, ya que \u201cno constituye en s\u00ed mismo una herramienta para erradicar focos generadores de epidemias\u201d.<\/p>\n<p>A trav\u00e9s de un comunicado denominado, las entidades aglutinadas bajo el espacio \u201cCompromiso Santiago\u201d, abogaron por mantener la vigilancia epidemiol\u00f3gica y las medidas de higiene como prevenci\u00f3n a la salud, as\u00ed como planes y programas de contenci\u00f3n de la epidemia provocada por el virus COVID-19, sin la necesidad que exista un estado de excepci\u00f3n ni toque de queda.<\/p>\n<p>Asimismo, se mostraron de acuerdo con la continuidad la desescalada\u00a0 de cierre, el mantenimiento de la restricci\u00f3n de operaci\u00f3n a los sectores que lo ameriten y la protecci\u00f3n a las personas vulnerables por su edad o condici\u00f3n de salud.<\/p>\n<p>\u201cEl Estado de Emergencia no constituye en s\u00ed mismo una herramienta para erradicar focos generadores de epidemias, por lo que los planes de contenci\u00f3n del virus se pueden aplicar sin esta restricci\u00f3n, siempre adoptando medidas de prevenci\u00f3n en las empresas, en el transporte y en los lugares p\u00fablicos. Es un compromiso ciudadano adoptar las medidas apropiadas para evitar la propagaci\u00f3n del mal\u201d, se\u00f1alaron.<\/p>\n<h3><strong>Documento para descarga:<\/strong><\/h3>\n<p><a href=\"https:\/\/drive.google.com\/open?id=1IRZC8R36xM7NYUKaU19vjj8kSdukspGm\">Entidades apoyan posici\u00f3n Compromiso Santiago<\/a><\/p>\n<\/div>\n<div id=\"tags\" class=\"tags flex-container align-center flex-wrap\"><a class=\"single-tag\" href=\"https:\/\/acento.com.do\/tags.html?tag=coronavirus\">CORONAVIRUS<\/a><a class=\"single-tag\" href=\"https:\/\/acento.com.do\/tags.html?tag=covid-19\">COVID-19<\/a><a class=\"single-tag\" href=\"https:\/\/acento.com.do\/tags.html?tag=estado-de-emergencia\">ESTADO DE EMERGENCIA<\/a><\/div>\n<div id=\"relacionadas\" class=\"\">\n<p class=\"font-700\">NOTICIAS RELACIONADAS<\/p>\n<article>\n<h3 class=\"title-font\"><a href=\"https:\/\/acento.com.do\/politica\/diputados-aplazan-para-el-viernes-la-sesion-sobre-el-estado-de-emergencia-8827661.html\">Diputados aplazan para el viernes la sesi\u00f3n sobre el estado de emergencia<\/a><\/h3>\n<\/article>\n<article>\n<h3 class=\"title-font\"><a href=\"https:\/\/acento.com.do\/politica\/participacion-ciudadana-condena-las-violaciones-a-la-constitucion-y-a-las-leyes-en-la-campana-electoral-8828161.html\">Participacion Ciudadana condena las violaciones a la Constituci\u00f3n y a las leyes en la campa\u00f1a electoral<\/a><\/h3>\n<\/article>\n<article>\n<h3 class=\"title-font\"><a href=\"https:\/\/acento.com.do\/salud\/avance-del-coronavirus-en-rd-es-peligroso-para-haiti-8828196.html\">Avance del coronavirus en RD es peligroso para Hait\u00ed<\/a><\/h3>\n<\/article>\n<\/div>\n<p>Impactos: 99<\/p>","protected":false},"excerpt":{"rendered":"<p>Por\u00a0SERVICIOS DE ACENTO.COM.DO SANTIAGO DE LOS CABALLEROS, Rep\u00fablica Dominicana.- Diversas organizaciones empresariales y de desarrollo de Santiago rechazaron este jueves la extensi\u00f3n del Estado<\/p>\n","protected":false},"author":3,"featured_media":9197,"comment_status":"closed","ping_status":"closed","sticky":false,"template":"","format":"standard","meta":[],"categories":[3],"tags":[],"_links":{"self":[{"href":"https:\/\/hormigaradio.com\/index.php?rest_route=\/wp\/v2\/posts\/9908"}],"collection":[{"href":"https:\/\/hormigaradio.com\/index.php?rest_route=\/wp\/v2\/posts"}],"about":[{"href":"https:\/\/hormigaradio.com\/index.php?rest_route=\/wp\/v2\/types\/post"}],"author":[{"embeddable":true,"href":"https:\/\/hormigaradio.com\/index.php?rest_route=\/wp\/v2\/users\/3"}],"replies":[{"embeddable":true,"href":"https:\/\/hormigaradio.com\/index.php?rest_route=%2Fwp%2Fv2%2Fcomments&post=9908"}],"version-history":[{"count":1,"href":"https:\/\/hormigaradio.com\/index.php?rest_route=\/wp\/v2\/posts\/9908\/revisions"}],"predecessor-version":[{"id":9909,"href":"https:\/\/hormigaradio.com\/index.php?rest_route=\/wp\/v2\/posts\/9908\/revisions\/9909"}],"wp:featuredmedia":[{"embeddable":true,"href":"https:\/\/hormigaradio.com\/index.php?rest_route=\/wp\/v2\/media\/9197"}],"wp:attachment":[{"href":"https:\/\/hormigaradio.com\/index.php?rest_route=%2Fwp%2Fv2%2Fmedia&parent=9908"}],"wp:term":[{"taxonomy":"category","embeddable":true,"href":"https:\/\/hormigaradio.com\/index.php?rest_route=%2Fwp%2Fv2%2Fcategories&post=9908"},{"taxonomy":"post_tag","embeddable":true,"href":"https:\/\/hormigaradio.com\/index.php?rest_route=%2Fwp%2Fv2%2Ftags&post=9908"}],"curies":[{"name":"wp","href":"https:\/\/api.w.org\/{rel}","templated":true}]}}