{"id":9998,"date":"2020-06-18T03:48:18","date_gmt":"2020-06-18T03:48:18","guid":{"rendered":"http:\/\/hormigaradio.com\/?p=9998"},"modified":"2020-06-18T03:48:18","modified_gmt":"2020-06-18T03:48:18","slug":"pablo-alboran-revela-es-gay","status":"publish","type":"post","link":"https:\/\/hormigaradio.com\/?p=9998","title":{"rendered":"PABLO ALBOR\u00c1N REVELA ES GAY"},"content":{"rendered":"<p>SERVICIOS DE ACENTO.COM.DO<\/p>\n<p>SANTO DOMINGO, Rep\u00fablica Dominicana. \u2013 El cantante espa\u00f1ol Pablo Albor\u00e1n inform\u00f3 que es homosexual mediante un video que colg\u00f3 en su perfil de Instagram.<\/p>\n<p>\u201cTodos no sentimos sentimos extra\u00f1os, nos replanteamos la vida, el trabajo, lo que nos hace feliz y lo que no\u201d, comienza diciendo el artista, que luego procedi\u00f3 a contar su historia.<\/p>\n<p>&nbsp;<\/p>\n<p><img loading=\"lazy\" class=\"alignright\" src=\"https:\/\/acento.com.do\/media\/storage02\/uploads\/2020\/06\/1585210876_821551_1585210966_noticia_normal.jpg\" alt=\"\" width=\"376\" height=\"330\" data-desktop=\"https:\/\/acento.com.do\/media\/storage02\/uploads\/2020\/06\/1585210876_821551_1585210966_noticia_normal-728x410.jpg\" data-mobile=\"https:\/\/acento.com.do\/media\/storage02\/uploads\/2020\/06\/1585210876_821551_1585210966_noticia_normal-400x225.jpg\" \/>En el video de m\u00e1s de tres minutos de duraci\u00f3n, explica que siempre ha luchado en contra de toda expresi\u00f3n que vaya en contra de cualquier libertad o igualdad, y decidi\u00f3 que quiere que su grito se haga un poco m\u00e1s fuerte.<\/p>\n<p>\u201cEstoy aqu\u00ed para contaros que soy homosexual, y no pasa nada, que la vida sigue igual\u201d, dice Pablo Albor\u00e1n.<\/p>\n<div class=\"blockquote-share\">\n<div class=\"flex-container align-center justify-center\">Expres\u00f3 que en su vida personal y profesional ha tenido la libertad de querer y hacer lo que quiere, sin presiones, y que seguir\u00e1 centrando su vida p\u00fablica en su trabajo, la m\u00fasica.<\/div>\n<\/div>\n<div class=\"videocontainer\">\n<div id=\"video7\" class=\"video-js vjs-default-skin vjs-paused vjs-controls-enabled vjs-workinghover vjs-v6 vjs-youtube video7-dimensions vjs-user-active\" lang=\"es-es\" role=\"region\" data-path=\"ZN2810aoiWs&amp;feature\" data-vjsplayer=\"\" aria-label=\"Video Player\">\n<div><iframe loading=\"lazy\" id=\"video7_Youtube_api\" class=\"vjs-tech\" title=\"YouTube video player\" src=\"https:\/\/www.youtube.com\/embed\/ZN2810aoiWs?controls=0&amp;modestbranding=1&amp;rel=0&amp;showinfo=0&amp;loop=0&amp;fs=0&amp;hl=es&amp;enablejsapi=1&amp;origin=https%3A%2F%2Facento.com.do&amp;widgetid=1\" width=\"640\" height=\"360\" frameborder=\"0\" allowfullscreen=\"allowfullscreen\" data-mce-fragment=\"1\"><\/iframe><\/div>\n<\/div>\n<\/div>\n<p>Impactos: 113<\/p>","protected":false},"excerpt":{"rendered":"<p>SERVICIOS DE ACENTO.COM.DO SANTO DOMINGO, Rep\u00fablica Dominicana. \u2013 El cantante espa\u00f1ol Pablo Albor\u00e1n inform\u00f3 que es homosexual mediante un video que colg\u00f3 en su<\/p>\n","protected":false},"author":3,"featured_media":9999,"comment_status":"closed","ping_status":"closed","sticky":false,"template":"","format":"standard","meta":[],"categories":[4],"tags":[],"_links":{"self":[{"href":"https:\/\/hormigaradio.com\/index.php?rest_route=\/wp\/v2\/posts\/9998"}],"collection":[{"href":"https:\/\/hormigaradio.com\/index.php?rest_route=\/wp\/v2\/posts"}],"about":[{"href":"https:\/\/hormigaradio.com\/index.php?rest_route=\/wp\/v2\/types\/post"}],"author":[{"embeddable":true,"href":"https:\/\/hormigaradio.com\/index.php?rest_route=\/wp\/v2\/users\/3"}],"replies":[{"embeddable":true,"href":"https:\/\/hormigaradio.com\/index.php?rest_route=%2Fwp%2Fv2%2Fcomments&post=9998"}],"version-history":[{"count":1,"href":"https:\/\/hormigaradio.com\/index.php?rest_route=\/wp\/v2\/posts\/9998\/revisions"}],"predecessor-version":[{"id":10000,"href":"https:\/\/hormigaradio.com\/index.php?rest_route=\/wp\/v2\/posts\/9998\/revisions\/10000"}],"wp:featuredmedia":[{"embeddable":true,"href":"https:\/\/hormigaradio.com\/index.php?rest_route=\/wp\/v2\/media\/9999"}],"wp:attachment":[{"href":"https:\/\/hormigaradio.com\/index.php?rest_route=%2Fwp%2Fv2%2Fmedia&parent=9998"}],"wp:term":[{"taxonomy":"category","embeddable":true,"href":"https:\/\/hormigaradio.com\/index.php?rest_route=%2Fwp%2Fv2%2Fcategories&post=9998"},{"taxonomy":"post_tag","embeddable":true,"href":"https:\/\/hormigaradio.com\/index.php?rest_route=%2Fwp%2Fv2%2Ftags&post=9998"}],"curies":[{"name":"wp","href":"https:\/\/api.w.org\/{rel}","templated":true}]}}